{"id":281,"date":"2009-08-24T12:56:36","date_gmt":"2009-08-24T10:56:36","guid":{"rendered":"http:\/\/www.gkl-rijeka.hr\/wp\/?p=281"},"modified":"2016-06-27T15:04:37","modified_gmt":"2016-06-27T13:04:37","slug":"slavuj","status":"publish","type":"post","link":"https:\/\/www.gkl-rijeka.hr\/index.php\/slavuj\/","title":{"rendered":"Slavuj"},"content":{"rendered":"<p>[et_pb_section admin_label=&#8221;Section&#8221; fullwidth=&#8221;off&#8221; specialty=&#8221;on&#8221; transparent_background=&#8221;off&#8221; allow_player_pause=&#8221;off&#8221; inner_shadow=&#8221;off&#8221; parallax=&#8221;off&#8221; parallax_method=&#8221;off&#8221; padding_mobile=&#8221;off&#8221; module_id=&#8221;specialtySectionPIN&#8221; make_fullwidth=&#8221;off&#8221; use_custom_width=&#8221;off&#8221; width_unit=&#8221;on&#8221; make_equal=&#8221;off&#8221; use_custom_gutter=&#8221;off&#8221;][et_pb_column type=&#8221;3_4&#8243; specialty_columns=&#8221;3&#8243;][et_pb_row_inner admin_label=&#8221;Row&#8221;][et_pb_column_inner type=&#8221;4_4&#8243; saved_specialty_column_type=&#8221;3_4&#8243;][et_pb_post_title admin_label=&#8221;Naslov&#8221; title=&#8221;on&#8221; meta=&#8221;off&#8221; author=&#8221;on&#8221; date=&#8221;on&#8221; categories=&#8221;on&#8221; comments=&#8221;on&#8221; featured_image=&#8221;off&#8221; featured_placement=&#8221;below&#8221; parallax_effect=&#8221;on&#8221; parallax_method=&#8221;on&#8221; text_orientation=&#8221;left&#8221; text_color=&#8221;dark&#8221; text_background=&#8221;off&#8221; text_bg_color=&#8221;rgba(255,255,255,0.9)&#8221; module_bg_color=&#8221;rgba(255,255,255,0)&#8221; title_font_size=&#8221;42px&#8221; title_all_caps=&#8221;off&#8221; use_border_color=&#8221;off&#8221; border_color=&#8221;#ffffff&#8221; border_style=&#8221;solid&#8221;] [\/et_pb_post_title][et_pb_gallery admin_label=&#8221;Slajder slika&#8221; gallery_ids=&#8221;2784,2785,2787,2788,2789&#8243; fullwidth=&#8221;on&#8221; show_title_and_caption=&#8221;off&#8221; show_pagination=&#8221;on&#8221; background_layout=&#8221;dark&#8221; auto=&#8221;on&#8221; hover_overlay_color=&#8221;rgba(255,255,255,0.9)&#8221; caption_all_caps=&#8221;off&#8221; use_border_color=&#8221;off&#8221; border_color=&#8221;#ffffff&#8221; border_style=&#8221;solid&#8221; gallery_orderby=&#8221;rand&#8221; posts_number=&#8221;16&#8243;] [\/et_pb_gallery][et_pb_text admin_label=&#8221;Podnaslov&#8221; background_layout=&#8221;light&#8221; text_orientation=&#8221;left&#8221; use_border_color=&#8221;off&#8221; border_color=&#8221;#ffffff&#8221; border_style=&#8221;solid&#8221;]<\/p>\n<h3>H. C. Andersen<\/h3>\n<h3>Za \u0161kolski uzrast.<\/h3>\n<p>[\/et_pb_text][\/et_pb_column_inner][\/et_pb_row_inner][et_pb_row_inner admin_label=&#8221;Row&#8221; custom_padding=&#8221;10px|0px&#8221; padding_mobile=&#8221;off&#8221; use_custom_gutter=&#8221;off&#8221; column_padding_mobile=&#8221;on&#8221; make_equal=&#8221;on&#8221;][et_pb_column_inner type=&#8221;1_2&#8243; saved_specialty_column_type=&#8221;3_4&#8243;][et_pb_text admin_label=&#8221;Autorska ekipa&#8221; background_layout=&#8221;light&#8221; text_orientation=&#8221;left&#8221; use_border_color=&#8221;off&#8221; border_color=&#8221;#ffffff&#8221; border_style=&#8221;solid&#8221;]<\/p>\n<p><strong>Autorska ekipa:<\/strong><\/p>\n<p style=\"line-height: 18.0pt;\"><span style=\"font-family: 'Georgia','serif'; color: #333333;\">Redatelj i dramaturg: Lary Zappia<br \/>\nScenograf: Dalibor Laginja<br \/>\nSkladatelj: Du\u0161ko Rapotec Ute<br \/>\nOblikovatelj svjetla: Deni \u0160esni\u0107<\/span><\/p>\n<p><strong style=\"line-height: 1.5;\">Sudjeluju:<\/strong><\/p>\n<p>Bo\u017eena Dela\u0161<br \/>\nAlex \u0110akovi\u0107<br \/>\nDavid Petrovi\u0107<br \/>\nAn\u0111elko Somborski<br \/>\nZlatko Vici\u0107<br \/>\nGiorgio Surian kao Slavuj<\/p>\n<p>[\/et_pb_text][\/et_pb_column_inner][et_pb_column_inner type=&#8221;1_2&#8243; saved_specialty_column_type=&#8221;3_4&#8243;][et_pb_video admin_label=&#8221;Video&#8221;] [\/et_pb_video][\/et_pb_column_inner][\/et_pb_row_inner][et_pb_row_inner admin_label=&#8221;Row&#8221;][et_pb_column_inner type=&#8221;4_4&#8243; saved_specialty_column_type=&#8221;3_4&#8243;][et_pb_text admin_label=&#8221;Tekst o predstavi&#8221; background_layout=&#8221;light&#8221; text_orientation=&#8221;left&#8221; use_border_color=&#8221;off&#8221; border_color=&#8221;#ffffff&#8221; border_style=&#8221;solid&#8221; text_font_size=&#8221;15&#8243;]<\/p>\n<p>RIJE\u010c REDATELJA<\/p>\n<p>Vjerojatno najpoznatiji od svih Danaca, Hans Christian Andersen, pisac je uz \u010dije su bajke odrasli mnogi nara\u0161taji. Pose\u017eu\u0107i za njegovim djelima, generacija za generacijom u njima iznova otkriva ne samo literarnu, ve\u0107 i duboko ljudsku ljepotu od koje su sazdana. Pronicljiva pogleda pomno uprta u duboku ljudskost svojih nesavr\u0161enih protagonista, Andersen ve\u0107 dva stolje\u0107a tjera svoje \u010ditatelje da odmalena postanu svjesni iznimaka od kojih je satkan \u017eivot, te da ne izgube iz vida svoju (\u010desto zanemarenu) nepatvorenu poniznost.<\/p>\n<p>Andersenovi junaci su uglavnom obi\u010dni, mali ljudi (ili \u017eivotinje,) gotovo nedorasli zadacima koji se pred njih postavljaju. I upravo stoga njegove bajke nemaju predvidljiv tijek i njihov ishod \u010desto nije optimisti\u010dan i vedar; \u0161tovi\u0161e, mnoge nas iznenade tragi\u010dnim svr\u0161etkom jer mali ljudi dobivaju bitke samo u holivudskim filmovima. Ali, dok suznih o\u010diju odla\u017eemo knjigu, u du\u0161i smo bogatiji za jedno imaginarno iskustvo i \u010dvr\u0161\u0107i za jednu vrlo nedvosmislenu moralnu pouku.<\/p>\n<p>\u201eSlavuj\u201c je donekle iznimka u pogledu tragi\u010dnog kraja, premda je tijekom ve\u0107eg dijela te bajke na\u0161e srce tu\u017eno i suosje\u0107a sa izgnanim slavujem, ili je pak ljuto na obijesnog i nezahvalnog cara. Ipak, <em>happyendu <\/em>usprkos, \u201eSlavuj\u201c je pri\u010da o ljudskoj nezahvalnosti, o ljudskoj nestalnosti, ali, ako stvarno razumijemo Andersena,\u00a0 i pri\u010da o oprostu, o na\u0161oj sposobnosti da \u2013 poput malog slavuja \u2013 zaboravimo nanijeta zla, te da nekome tko nam \u010dini na\u017eao pru\u017eimo drugi obraz.<\/p>\n<p>Rade\u0107i predstavu po Andersenovu predlo\u0161ku prije svega poku\u0161avamo slijediti stil originala: dotaknuti gledatelja bez patetike, podu\u010diti ga bez dociranja, zabaviti ga bez lakomislenosti. Rije\u010dju \u2013 nastojimo zadr\u017eati Andersenov osnovni narativni tok, ali ispri\u010dati pri\u010du jezikom kazali\u0161ta, a ne literature. Zahvaljuju\u0107i tome, upu\u0161tamo se u istra\u017eivanje forme koje nas vodi u svijet zvuka i slike kao potke neverbalnog koja prodire u gledao\u010devu podsvijest. Time ukidamo jezi\u010dne barijere i ulazimo u \u201enevidljivi\u201c dijalog na kojega publika mo\u017eda i ne zna da je pristala.<\/p>\n<p>Na\u0161a je predstava u kona\u010dnici samo nadahnuta Andersenovom bajkom; gledatelji koji tra\u017ee vjernost izvorniku bit \u0107e pomalo razo\u010darani, ali moraju znati da nemamo namjeru baviti se ilustracijom.\u00a0 Magija klasika slu\u017ei da nam potakne ma\u0161tu i da nam podari vjetar u le\u0111a. Uz malo sre\u0107e, mo\u017eda \u0107emo zatvoriti krug i nagnati gledatelje da posegnu za izvornikom i pro\u010ditaju ga u dahu, te da tako nastave dijalog koji smo zapo\u010deli.<\/p>\n<p>Lary Zappia<\/p>\n<p>[\/et_pb_text][\/et_pb_column_inner][\/et_pb_row_inner][et_pb_row_inner admin_label=&#8221;Row&#8221; padding_mobile=&#8221;on&#8221; use_custom_gutter=&#8221;off&#8221; column_padding_mobile=&#8221;on&#8221; make_equal=&#8221;on&#8221; module_id=&#8221;redIzvedbe&#8221; custom_padding=&#8221;0px|&#8221;][et_pb_column_inner type=&#8221;1_2&#8243; saved_specialty_column_type=&#8221;3_4&#8243;][et_pb_text admin_label=&#8221;Raspored izvedbi&#8221; background_layout=&#8221;light&#8221; text_orientation=&#8221;left&#8221; use_border_color=&#8221;off&#8221; border_color=&#8221;#ffffff&#8221; border_style=&#8221;solid&#8221; text_font_size=&#8221;15&#8243; text_line_height=&#8221;24px&#8221;] <div id=\"uew_1\" class=\"rhc_supe_holder rhc-side-0\" data-page=\"0\" data-number=\"16\" data-atts=\"{&quot;uid&quot;:1,&quot;test&quot;:&quot;&quot;,&quot;page&quot;:&quot;0&quot;,&quot;number&quot;:&quot;16&quot;,&quot;taxonomy&quot;:&quot;&quot;,&quot;terms&quot;:&quot;&quot;,&quot;template&quot;:&quot;widget_custom_simple_list.php&quot;,&quot;class&quot;:&quot;rhc_supe_holder&quot;,&quot;prefix&quot;:&quot;uew&quot;,&quot;parse_postmeta&quot;:&quot;&quot;,&quot;parse_taxonomy&quot;:&quot;0&quot;,&quot;parse_taxonomymeta&quot;:&quot;1&quot;,&quot;order&quot;:&quot;ASC&quot;,&quot;date&quot;:&quot;NOW&quot;,&quot;date_end&quot;:&quot;&quot;,&quot;horizon&quot;:&quot;end&quot;,&quot;allday&quot;:&quot;&quot;,&quot;no_events_message&quot;:&quot;&quot;,&quot;post_status&quot;:&quot;publish&quot;,&quot;post_type&quot;:&quot;post&quot;,&quot;author&quot;:&quot;&quot;,&quot;author_current&quot;:&quot;&quot;,&quot;do_shortcode&quot;:&quot;1&quot;,&quot;the_content&quot;:&quot;0&quot;,&quot;separator&quot;:&quot;&quot;,&quot;holder&quot;:&quot;1&quot;,&quot;dayspast&quot;:&quot;&quot;,&quot;premiere&quot;:&quot;0&quot;,&quot;auto&quot;:&quot;0&quot;,&quot;feed&quot;:&quot;&quot;,&quot;words&quot;:&quot;&quot;,&quot;render_images&quot;:&quot;&quot;,&quot;calendar_url&quot;:&quot;&quot;,&quot;loading_overlay&quot;:&quot;0&quot;,&quot;for_sidebar&quot;:&quot;0&quot;,&quot;post_id&quot;:281,&quot;current_post&quot;:&quot;1&quot;,&quot;rdate&quot;:&quot;&quot;,&quot;js_init_script&quot;:&quot;&quot;,&quot;vc_js_init_script&quot;:&quot;&quot;,&quot;nav&quot;:&quot;&quot;,&quot;ajaxurl&quot;:&quot;https:\\\/\\\/www.gkl-rijeka.hr\\\/?rhc_action=supe_get_events&quot;}\"><div class=\"supe-head\"><\/div><div class=\"supe-body\"><div class=\"supe-item-holder\"><div class=\"rhc-supe-no-events\" data-css_clear=\"opacity\" style=\"opacity:0;\"><\/div><\/div><\/div><div class=\"rhc-clear\"><\/div><div class=\"supe-footer\"><\/div><\/div> [\/et_pb_text][\/et_pb_column_inner][et_pb_column_inner type=&#8221;1_2&#8243; saved_specialty_column_type=&#8221;3_4&#8243;][et_pb_text admin_label=&#8221;onlineRezervacije&#8221; global_parent=&#8221;2318&#8243; background_layout=&#8221;light&#8221; text_orientation=&#8221;left&#8221; use_border_color=&#8221;off&#8221; border_color=&#8221;#ffffff&#8221; border_style=&#8221;solid&#8221; module_id=&#8221;modulOnlineRezervacije&#8221; custom_css_main_element=&#8221;position: absolute;|| width: 100%;|| bottom: 0%;&#8221;]<\/p>\n<div id=\"onlineRezervacijeLink01\" class=\"et_pb_text et_pb_module et_pb_bg_layout_light et_pb_text_align_left moreLinks\">\n<p><a style=\"width: 75%; margin: 0 !important;\" href=\"\/index.php\/ulaznice\/\">online rezervacije<\/a><\/p>\n<\/div>\n<p>[\/et_pb_text][\/et_pb_column_inner][\/et_pb_row_inner][et_pb_row_inner admin_label=&#8221;Row&#8221; custom_padding=&#8221;20px|0px&#8221; padding_mobile=&#8221;off&#8221; use_custom_gutter=&#8221;off&#8221; column_padding_mobile=&#8221;on&#8221; make_equal=&#8221;off&#8221;][et_pb_column_inner type=&#8221;4_4&#8243; saved_specialty_column_type=&#8221;3_4&#8243;][et_pb_gallery admin_label=&#8221;Galerija slika&#8221; gallery_ids=&#8221;2789,2788,2787,2785,2784&#8243; fullwidth=&#8221;off&#8221; show_title_and_caption=&#8221;off&#8221; show_pagination=&#8221;on&#8221; background_layout=&#8221;light&#8221; auto=&#8221;on&#8221; hover_overlay_color=&#8221;rgba(255,255,255,0.9)&#8221; caption_all_caps=&#8221;off&#8221; use_border_color=&#8221;off&#8221; border_color=&#8221;#ffffff&#8221; border_style=&#8221;solid&#8221; gallery_orderby=&#8221;rand&#8221; posts_number=&#8221;16&#8243;] [\/et_pb_gallery][\/et_pb_column_inner][\/et_pb_row_inner][\/et_pb_column][et_pb_column type=&#8221;1_4&#8243;][et_pb_text admin_label=&#8221;naslovKalendar01&#8243; global_parent=&#8221;2318&#8243; background_layout=&#8221;light&#8221; text_orientation=&#8221;left&#8221; use_border_color=&#8221;off&#8221; border_color=&#8221;#ffffff&#8221; border_style=&#8221;solid&#8221; module_id=&#8221;naslovKalendar01&#8243; custom_margin=&#8221;||36px|&#8221;]<\/p>\n<h1>Kalendar doga\u0111anja<\/h1>\n<p>[\/et_pb_text][et_pb_text admin_label=&#8221;Kalendar&#8221; background_layout=&#8221;light&#8221; text_orientation=&#8221;left&#8221; use_border_color=&#8221;off&#8221; border_color=&#8221;#ffffff&#8221; border_style=&#8221;solid&#8221;] <div id=\"calendarize-0\" class=\"rhcalendar for-widget flat-ui-cal rhc_holder\" data-rhc_ui_theme=\"\" data-rhc_options=\"{&quot;editable&quot;:false,&quot;mode&quot;:&quot;view&quot;,&quot;modes&quot;:{&quot;view&quot;:{&quot;label&quot;:&quot;View&quot;,&quot;options&quot;:{&quot;weekNumberTitle&quot;:&quot;W&quot;,&quot;weekNumbers&quot;:false,&quot;loadingOverlay&quot;:false,&quot;weekMode&quot;:&quot;fixed&quot;,&quot;header&quot;:{&quot;left&quot;:&quot;prev,next&quot;,&quot;center&quot;:&quot;&quot;,&quot;right&quot;:&quot;title&quot;},&quot;events_source&quot;:&quot;https:\\\/\\\/www.gkl-rijeka.hr\\\/?rhc_action=get_calendar_events&quot;,&quot;events_source_query&quot;:&quot;&amp;post_type[]=events&quot;,&quot;defaultView&quot;:&quot;month&quot;,&quot;aspectRatio&quot;:1.350000000000000088817841970012523233890533447265625,&quot;weekends&quot;:true,&quot;allDayDefault&quot;:true,&quot;titleFormat&quot;:{&quot;month&quot;:&quot;MMMM yyyy&quot;,&quot;week&quot;:&quot;MMM d[ yyyy]{ '\\u2014'[ MMM] d yyyy}&quot;,&quot;day&quot;:&quot;dddd, MMM d, yyyy&quot;},&quot;columnFormat&quot;:{&quot;month&quot;:&quot;ddd&quot;,&quot;week&quot;:&quot;ddd M\\\/d&quot;,&quot;day&quot;:&quot;dddd M\\\/d&quot;},&quot;timeFormat&quot;:{&quot;month&quot;:&quot;HH:mm&quot;,&quot;week&quot;:&quot;HH:mm{ - HH:mm}&quot;,&quot;day&quot;:&quot;HH:mm{ - HH:mm}&quot;,&quot;&quot;:&quot;HH:mm&quot;},&quot;tooltip&quot;:{&quot;startDate&quot;:&quot;ddd MMMM d, yyyy HH:mm&quot;,&quot;startDateAllDay&quot;:&quot;ddd MMMM d, yyyy&quot;,&quot;endDate&quot;:&quot;ddd MMMM d, yyyy HH:mm&quot;,&quot;endDateAllDay&quot;:&quot;ddd MMMM d, yyyy&quot;,&quot;target&quot;:&quot;_self&quot;,&quot;disableTitleLink&quot;:&quot;0&quot;,&quot;enableCustom&quot;:true,&quot;taxonomy_links&quot;:true,&quot;image&quot;:1},&quot;tooltip_on_hover&quot;:1,&quot;tooltip_close_on_title_leave&quot;:&quot;1&quot;,&quot;axisFormat&quot;:&quot;HH:mm&quot;,&quot;isRTL&quot;:false,&quot;firstDay&quot;:1,&quot;monthNames&quot;:[&quot;Sije\\u010danj&quot;,&quot;Velja\\u010da&quot;,&quot;O\\u017eujak&quot;,&quot;Travanj&quot;,&quot;Svibanj&quot;,&quot;Lipanj&quot;,&quot;Srpanj&quot;,&quot;Kolovoz&quot;,&quot;Rujan&quot;,&quot;Listopad&quot;,&quot;Studeni&quot;,&quot;Prosinac&quot;],&quot;monthNamesShort&quot;:[&quot;Sij&quot;,&quot;Velj&quot;,&quot;O\\u017eu&quot;,&quot;Tra&quot;,&quot;Svi&quot;,&quot;Lip&quot;,&quot;Srp&quot;,&quot;Kol&quot;,&quot;Ruj&quot;,&quot;Lis&quot;,&quot;Stu&quot;,&quot;Pro&quot;],&quot;dayNames&quot;:[&quot;Nedjelja&quot;,&quot;Ponedjeljak&quot;,&quot;Utorak&quot;,&quot;Srijeda&quot;,&quot;\\u010cetvrtak&quot;,&quot;Petak&quot;,&quot;Subota&quot;],&quot;dayNamesShort&quot;:[&quot;Ned&quot;,&quot;Pon&quot;,&quot;Uto&quot;,&quot;Sri&quot;,&quot;\\u010cet&quot;,&quot;Pet&quot;,&quot;Sub&quot;],&quot;buttonText&quot;:{&quot;today&quot;:&quot;danas&quot;,&quot;month&quot;:&quot;mjesec&quot;,&quot;week&quot;:&quot;tjedan&quot;,&quot;day&quot;:&quot;dan&quot;,&quot;prev&quot;:&quot;&quot;,&quot;next&quot;:&quot;&quot;,&quot;prevYear&quot;:&quot;&quot;,&quot;nextYear&quot;:&quot;&quot;,&quot;rhc_search&quot;:&quot;Kalendar&quot;,&quot;rhc_event&quot;:&quot;doga\\u0111aj&quot;,&quot;rhc_detail&quot;:&quot;detalj&quot;,&quot;rhc_gmap&quot;:&quot;map&quot;,&quot;rhc_filter&quot;:&quot;&amp;nbsp;&quot;},&quot;buttonIcons&quot;:{&quot;prev&quot;:&quot;circle-triangle-w&quot;,&quot;next&quot;:&quot;circle-triangle-e&quot;},&quot;transition&quot;:{&quot;notransition&quot;:&quot;0&quot;,&quot;easing&quot;:&quot;easeInOutExpo&quot;,&quot;duration&quot;:&quot;600&quot;,&quot;direction&quot;:&quot;horizontal&quot;},&quot;eventList&quot;:{&quot;TitleFormat&quot;:&quot;MMMM yyyy&quot;,&quot;DateFormat&quot;:&quot;dddd MMMM d, yyyy&quot;,&quot;StartDateFormat&quot;:&quot;dddd MMMM d, yyyy. HH:mm&quot;,&quot;StartDateFormatAllDay&quot;:&quot;dddd MMMM d, yyyy.&quot;,&quot;ShowHeader&quot;:&quot;1&quot;,&quot;eventListNoEventsText&quot;:&quot;Nema doga\\u0111aja u navedenom razdoblju.&quot;,&quot;monthsahead&quot;:&quot;&quot;,&quot;daysahead&quot;:&quot;&quot;,&quot;upcoming&quot;:&quot;&quot;,&quot;reverse&quot;:&quot;&quot;,&quot;display&quot;:&quot;&quot;,&quot;outofrange&quot;:&quot;&quot;,&quot;eventlist_template&quot;:&quot;&quot;,&quot;extDateFormat&quot;:&quot;MMMM d, yyyy&quot;,&quot;extTimeFormat&quot;:&quot;HH:mm&quot;,&quot;extDateTimeFormat&quot;:&quot;MMMM d, yyyy.  HH:mm&quot;,&quot;extendedDetails&quot;:&quot;0&quot;,&quot;delta&quot;:&quot;&quot;,&quot;stack&quot;:&quot;&quot;,&quot;auto&quot;:&quot;&quot;,&quot;scrolloffset&quot;:&quot;&quot;,&quot;removeended&quot;:&quot;&quot;},&quot;widgetlist&quot;:{&quot;sel&quot;:&quot;&quot;,&quot;number&quot;:&quot;&quot;,&quot;showimage&quot;:&quot;&quot;,&quot;fcdate_format&quot;:&quot;&quot;,&quot;fctime_format&quot;:&quot;&quot;,&quot;start&quot;:&quot;&quot;,&quot;end&quot;:&quot;&quot;,&quot;horizon&quot;:&quot;&quot;,&quot;using_calendar_url&quot;:&quot;&quot;,&quot;loading_method&quot;:&quot;&quot;,&quot;historic&quot;:&quot;&quot;,&quot;specific_date&quot;:&quot;&quot;,&quot;words&quot;:&quot;10&quot;,&quot;dayspast&quot;:0,&quot;premiere&quot;:&quot;&quot;},&quot;eventClick&quot;:fc_click,&quot;eventMouseover&quot;:fc_mouseover,&quot;singleSource&quot;:&quot;https:\\\/\\\/www.gkl-rijeka.hr\\\/?rhc_action=get_rendered_item&quot;,&quot;for_widget&quot;:&quot;1&quot;,&quot;widget_dayclick&quot;:&quot;calendar_widget_day_click&quot;,&quot;widget_link&quot;:&quot;&quot;,&quot;widget_link_view&quot;:&quot;month&quot;,&quot;widget_google_map&quot;:&quot;interactive&quot;,&quot;widget_onechardaylabel&quot;:&quot;&quot;,&quot;widget_autohover&quot;:1,&quot;widget_autoclick&quot;:1,&quot;widget_hformat&quot;:&quot;&quot;,&quot;gotodate&quot;:&quot;&quot;,&quot;ev_calendar&quot;:&quot;&quot;,&quot;ev_venue&quot;:&quot;&quot;,&quot;ev_organizer&quot;:&quot;&quot;,&quot;allDaySlot&quot;:true,&quot;allDayText&quot;:&quot;all-day&quot;,&quot;firstHour&quot;:6,&quot;slotMinutes&quot;:30,&quot;minTime&quot;:0,&quot;maxTime&quot;:24,&quot;json_feed&quot;:false,&quot;json_only&quot;:0,&quot;tax_filter&quot;:&quot;1&quot;,&quot;tax_filter_label&quot;:{&quot;year&quot;:&quot;Godina&quot;,&quot;month&quot;:&quot;Mjesec&quot;},&quot;tax_filter_skip&quot;:[],&quot;tax_filter_include&quot;:[],&quot;tax_filter_multiple&quot;:1,&quot;sidelist&quot;:{&quot;link_target&quot;:&quot;_self&quot;,&quot;template&quot;:&quot;#sidelist_template_calendarize-0&quot;,&quot;labels&quot;:{&quot;tab&quot;:&quot;Event list&quot;}},&quot;hiddenDays&quot;:[],&quot;skipMonths&quot;:[],&quot;matchBackground&quot;:&quot;0&quot;,&quot;shrink&quot;:&quot;1&quot;,&quot;month_event_image&quot;:&quot;0&quot;,&quot;upcoming&quot;:&quot;0&quot;,&quot;upcoming_trim_past&quot;:&quot;0&quot;,&quot;left_trim_date&quot;:&quot;0&quot;,&quot;right_trim_date&quot;:&quot;0&quot;,&quot;nextDayThreshold&quot;:&quot;&quot;,&quot;showothermonth&quot;:&quot;1&quot;,&quot;feed&quot;:&quot;&quot;,&quot;norepeat&quot;:&quot;0&quot;,&quot;event_skip&quot;:0,&quot;local_tz&quot;:0,&quot;debugjs&quot;:0,&quot;preload&quot;:1,&quot;allday_group&quot;:0,&quot;max_events&quot;:0,&quot;render_events&quot;:1,&quot;fixed_title&quot;:&quot;&quot;}}},&quot;common&quot;:{&quot;theme&quot;:false,&quot;icalendar_align&quot;:&quot;right&quot;}}\"><div class=\"fullCalendar\"><\/div><div class=\"fc-filters-dialog-holder fc-display-none\" style=\"display:none;\">\n\t<div class=\"fc-filters-dialog\">\n\t\t<div class=\"fbd-main-holder\">\n\t\t\t<div class=\"fbd-head\">\n\t\t\t\t<div class=\"fbd-close-tooltip rhc-close-icon\"><a title=\"Close dialog\" href=\"javascript:void(0);\"><\/a><\/div>\t\t\t\n\t\t\t<\/div>\n\t\t\t<div class=\"fbd-body\">\n\t\t\t\t\t\t\t\t<div class=\"fbd-dialog-content\">\n<ul class='fbd-ul'><li class=\"fbd-tabs\"><a data-tab-target=\".tab-category\">Categories<\/a><\/li><li class=\"fbd-tabs\"><a data-tab-target=\".tab-calendar\">Calendars<\/a><\/li><li class=\"fbd-tabs\"><a data-tab-target=\".tab-organizer\">Organizers<\/a><\/li><li class=\"fbd-tabs\"><a data-tab-target=\".tab-venue\">Venues<\/a><\/li><\/ul><div data-taxonomy=\"category\" class='fbd-filter-group fbd-tabs-panel tab-category'><div class=\"fbd-checked\"><\/div><div class=\"fbd-unchecked\"><div data-tab-index=\"0\" class=\"fbd-cell\"><label for=\"category_21revija_0\"><input  data-taxonomy=\"category\" id=\"category_21revija_0\" class=\"fbd-checkbox fbd-filter\" type=\"checkbox\" name=\"category_21revija\" value=\"21revija\" title=\"21Revija\"\/>&nbsp;<span class=\"fbd-term-label\">21Revija<\/span><\/label><\/div><div data-tab-index=\"1\" class=\"fbd-cell\"><label for=\"category_ansambl_1\"><input  data-taxonomy=\"category\" id=\"category_ansambl_1\" class=\"fbd-checkbox fbd-filter\" type=\"checkbox\" name=\"category_ansambl\" value=\"ansambl\" title=\"Ansambl\"\/>&nbsp;<span class=\"fbd-term-label\">Ansambl<\/span><\/label><\/div><div data-tab-index=\"2\" class=\"fbd-cell\"><label for=\"category_arhivapredstava_2\"><input  data-taxonomy=\"category\" id=\"category_arhivapredstava_2\" class=\"fbd-checkbox fbd-filter\" type=\"checkbox\" name=\"category_arhivapredstava\" value=\"arhivapredstava\" title=\"Arhiva predstava\"\/>&nbsp;<span class=\"fbd-term-label\">Arhiva predstava<\/span><\/label><\/div><div data-tab-index=\"3\" class=\"fbd-cell\"><label for=\"category_novosti_3\"><input  data-taxonomy=\"category\" id=\"category_novosti_3\" class=\"fbd-checkbox fbd-filter\" type=\"checkbox\" name=\"category_novosti\" value=\"novosti\" title=\"Novosti\"\/>&nbsp;<span class=\"fbd-term-label\">Novosti<\/span><\/label><\/div><div data-tab-index=\"4\" class=\"fbd-cell\"><label for=\"category_dogadaji_4\"><input  data-taxonomy=\"category\" id=\"category_dogadaji_4\" class=\"fbd-checkbox fbd-filter\" type=\"checkbox\" name=\"category_dogadaji\" value=\"dogadaji\" title=\"Pomo\u0107na\"\/>&nbsp;<span class=\"fbd-term-label\">Pomo\u0107na<\/span><\/label><\/div><div data-tab-index=\"5\" class=\"fbd-cell\"><label for=\"category_predstave_5\"><input  data-taxonomy=\"category\" id=\"category_predstave_5\" class=\"fbd-checkbox fbd-filter\" type=\"checkbox\" name=\"category_predstave\" value=\"predstave\" title=\"Predstave\"\/>&nbsp;<span class=\"fbd-term-label\">Predstave<\/span><\/label><\/div><div data-tab-index=\"6\" class=\"fbd-cell\"><label for=\"category_program_6\"><input  data-taxonomy=\"category\" id=\"category_program_6\" class=\"fbd-checkbox fbd-filter\" type=\"checkbox\" name=\"category_program\" value=\"program\" title=\"Program kazali\u0161ta\"\/>&nbsp;<span class=\"fbd-term-label\">Program kazali\u0161ta<\/span><\/label><\/div><div data-tab-index=\"7\" class=\"fbd-cell\"><label for=\"category_revija_7\"><input  data-taxonomy=\"category\" id=\"category_revija_7\" class=\"fbd-checkbox fbd-filter\" type=\"checkbox\" name=\"category_revija\" value=\"revija\" title=\"Revija\"\/>&nbsp;<span class=\"fbd-term-label\">Revija<\/span><\/label><\/div><div data-tab-index=\"8\" class=\"fbd-cell\"><label for=\"category_revija-popratni-program_8\"><input  data-taxonomy=\"category\" id=\"category_revija-popratni-program_8\" class=\"fbd-checkbox fbd-filter\" type=\"checkbox\" name=\"category_revija-popratni-program\" value=\"revija-popratni-program\" title=\"Revija - Popratni program\"\/>&nbsp;<span class=\"fbd-term-label\">Revija - Popratni program<\/span><\/label><\/div><div data-tab-index=\"9\" class=\"fbd-cell\"><label for=\"category_revija-predstave_9\"><input  data-taxonomy=\"category\" id=\"category_revija-predstave_9\" class=\"fbd-checkbox fbd-filter\" type=\"checkbox\" name=\"category_revija-predstave\" value=\"revija-predstave\" title=\"Revija - Predstave\"\/>&nbsp;<span class=\"fbd-term-label\">Revija - Predstave<\/span><\/label><\/div><div data-tab-index=\"10\" class=\"fbd-cell\"><label for=\"category_revija-22-predstave_10\"><input  data-taxonomy=\"category\" id=\"category_revija-22-predstave_10\" class=\"fbd-checkbox fbd-filter\" type=\"checkbox\" name=\"category_revija-22-predstave\" value=\"revija-22-predstave\" title=\"Revija 22 - Predstave\"\/>&nbsp;<span class=\"fbd-term-label\">Revija 22 - Predstave<\/span><\/label><\/div><div data-tab-index=\"11\" class=\"fbd-cell\"><label for=\"category_revija-22-popratni-program_11\"><input  data-taxonomy=\"category\" id=\"category_revija-22-popratni-program_11\" class=\"fbd-checkbox fbd-filter\" type=\"checkbox\" name=\"category_revija-22-popratni-program\" value=\"revija-22-popratni-program\" title=\"Revija 22 \u2013 Popratni program\"\/>&nbsp;<span class=\"fbd-term-label\">Revija 22 \u2013 Popratni program<\/span><\/label><\/div><div data-tab-index=\"12\" class=\"fbd-cell\"><label for=\"category_revija-23-predstave_12\"><input  data-taxonomy=\"category\" id=\"category_revija-23-predstave_12\" class=\"fbd-checkbox fbd-filter\" type=\"checkbox\" name=\"category_revija-23-predstave\" value=\"revija-23-predstave\" title=\"Revija 23 - Predstave\"\/>&nbsp;<span class=\"fbd-term-label\">Revija 23 - Predstave<\/span><\/label><\/div><div data-tab-index=\"13\" class=\"fbd-cell\"><label for=\"category_revija-23-popratni-program_13\"><input  data-taxonomy=\"category\" id=\"category_revija-23-popratni-program_13\" class=\"fbd-checkbox fbd-filter\" type=\"checkbox\" name=\"category_revija-23-popratni-program\" value=\"revija-23-popratni-program\" title=\"Revija 23 \u2013 Popratni program\"\/>&nbsp;<span class=\"fbd-term-label\">Revija 23 \u2013 Popratni program<\/span><\/label><\/div><div data-tab-index=\"14\" class=\"fbd-cell\"><label for=\"category_revija-24-popratni-program_14\"><input  data-taxonomy=\"category\" id=\"category_revija-24-popratni-program_14\" class=\"fbd-checkbox fbd-filter\" type=\"checkbox\" name=\"category_revija-24-popratni-program\" value=\"revija-24-popratni-program\" title=\"Revija 24 \u2013 Popratni program\"\/>&nbsp;<span class=\"fbd-term-label\">Revija 24 \u2013 Popratni program<\/span><\/label><\/div><div data-tab-index=\"15\" class=\"fbd-cell\"><label for=\"category_revija-24-predstave_15\"><input  data-taxonomy=\"category\" id=\"category_revija-24-predstave_15\" class=\"fbd-checkbox fbd-filter\" type=\"checkbox\" name=\"category_revija-24-predstave\" value=\"revija-24-predstave\" title=\"Revija 24 \u2013 Predstave\"\/>&nbsp;<span class=\"fbd-term-label\">Revija 24 \u2013 Predstave<\/span><\/label><\/div><div data-tab-index=\"16\" class=\"fbd-cell\"><label for=\"category_revija-25-popratni-program_16\"><input  data-taxonomy=\"category\" id=\"category_revija-25-popratni-program_16\" class=\"fbd-checkbox fbd-filter\" type=\"checkbox\" name=\"category_revija-25-popratni-program\" value=\"revija-25-popratni-program\" title=\"Revija 25 \u2013 Popratni program\"\/>&nbsp;<span class=\"fbd-term-label\">Revija 25 \u2013 Popratni program<\/span><\/label><\/div><div data-tab-index=\"17\" class=\"fbd-cell\"><label for=\"category_revija-25-predstave-revija_17\"><input  data-taxonomy=\"category\" id=\"category_revija-25-predstave-revija_17\" class=\"fbd-checkbox fbd-filter\" type=\"checkbox\" name=\"category_revija-25-predstave-revija\" value=\"revija-25-predstave-revija\" title=\"Revija 25 \u2013 Predstave\"\/>&nbsp;<span class=\"fbd-term-label\">Revija 25 \u2013 Predstave<\/span><\/label><\/div><div data-tab-index=\"18\" class=\"fbd-cell\"><label for=\"category_revija-26-popratni-program_18\"><input  data-taxonomy=\"category\" id=\"category_revija-26-popratni-program_18\" class=\"fbd-checkbox fbd-filter\" type=\"checkbox\" name=\"category_revija-26-popratni-program\" value=\"revija-26-popratni-program\" title=\"Revija 26 \u2013 Popratni program\"\/>&nbsp;<span class=\"fbd-term-label\">Revija 26 \u2013 Popratni program<\/span><\/label><\/div><div data-tab-index=\"19\" class=\"fbd-cell\"><label for=\"category_revija-26-predstave_19\"><input  data-taxonomy=\"category\" id=\"category_revija-26-predstave_19\" class=\"fbd-checkbox fbd-filter\" type=\"checkbox\" name=\"category_revija-26-predstave\" value=\"revija-26-predstave\" title=\"Revija 26 \u2013 Predstave\"\/>&nbsp;<span class=\"fbd-term-label\">Revija 26 \u2013 Predstave<\/span><\/label><\/div><div data-tab-index=\"20\" class=\"fbd-cell\"><label for=\"category_revija-27-popratni-program_20\"><input  data-taxonomy=\"category\" id=\"category_revija-27-popratni-program_20\" class=\"fbd-checkbox fbd-filter\" type=\"checkbox\" name=\"category_revija-27-popratni-program\" value=\"revija-27-popratni-program\" title=\"Revija 27 - Popratni program\"\/>&nbsp;<span class=\"fbd-term-label\">Revija 27 - Popratni program<\/span><\/label><\/div><div data-tab-index=\"21\" class=\"fbd-cell\"><label for=\"category_revija-27-predstave_21\"><input  data-taxonomy=\"category\" id=\"category_revija-27-predstave_21\" class=\"fbd-checkbox fbd-filter\" type=\"checkbox\" name=\"category_revija-27-predstave\" value=\"revija-27-predstave\" title=\"Revija 27 - Predstave\"\/>&nbsp;<span class=\"fbd-term-label\">Revija 27 - Predstave<\/span><\/label><\/div><div data-tab-index=\"22\" class=\"fbd-cell\"><label for=\"category_revija-28-popratni-program_22\"><input  data-taxonomy=\"category\" id=\"category_revija-28-popratni-program_22\" class=\"fbd-checkbox fbd-filter\" type=\"checkbox\" name=\"category_revija-28-popratni-program\" value=\"revija-28-popratni-program\" title=\"Revija 28 - Popratni program\"\/>&nbsp;<span class=\"fbd-term-label\">Revija 28 - Popratni program<\/span><\/label><\/div><div data-tab-index=\"23\" class=\"fbd-cell\"><label for=\"category_revija-28-predstave_23\"><input  data-taxonomy=\"category\" id=\"category_revija-28-predstave_23\" class=\"fbd-checkbox fbd-filter\" type=\"checkbox\" name=\"category_revija-28-predstave\" value=\"revija-28-predstave\" title=\"Revija 28 - Predstave\"\/>&nbsp;<span class=\"fbd-term-label\">Revija 28 - Predstave<\/span><\/label><\/div><div data-tab-index=\"24\" class=\"fbd-cell\"><label for=\"category_revija-29-popratni-program_24\"><input  data-taxonomy=\"category\" id=\"category_revija-29-popratni-program_24\" class=\"fbd-checkbox fbd-filter\" type=\"checkbox\" name=\"category_revija-29-popratni-program\" value=\"revija-29-popratni-program\" title=\"Revija 29 - Popratni program\"\/>&nbsp;<span class=\"fbd-term-label\">Revija 29 - Popratni program<\/span><\/label><\/div><div data-tab-index=\"25\" class=\"fbd-cell\"><label for=\"category_revija-29-predstave_25\"><input  data-taxonomy=\"category\" id=\"category_revija-29-predstave_25\" class=\"fbd-checkbox fbd-filter\" type=\"checkbox\" name=\"category_revija-29-predstave\" value=\"revija-29-predstave\" title=\"Revija 29 - Predstave\"\/>&nbsp;<span class=\"fbd-term-label\">Revija 29 - Predstave<\/span><\/label><\/div><div data-tab-index=\"26\" class=\"fbd-cell\"><label for=\"category_revija-30-popratni-program_26\"><input  data-taxonomy=\"category\" id=\"category_revija-30-popratni-program_26\" class=\"fbd-checkbox fbd-filter\" type=\"checkbox\" name=\"category_revija-30-popratni-program\" value=\"revija-30-popratni-program\" title=\"Revija 30 - Popratni program\"\/>&nbsp;<span class=\"fbd-term-label\">Revija 30 - Popratni program<\/span><\/label><\/div><div data-tab-index=\"27\" class=\"fbd-cell\"><label for=\"category_revija-30-predstave_27\"><input  data-taxonomy=\"category\" id=\"category_revija-30-predstave_27\" class=\"fbd-checkbox fbd-filter\" type=\"checkbox\" name=\"category_revija-30-predstave\" value=\"revija-30-predstave\" title=\"Revija 30 - Predstave\"\/>&nbsp;<span class=\"fbd-term-label\">Revija 30 - Predstave<\/span><\/label><\/div><div data-tab-index=\"28\" class=\"fbd-cell\"><label for=\"category_revija22_28\"><input  data-taxonomy=\"category\" id=\"category_revija22_28\" class=\"fbd-checkbox fbd-filter\" type=\"checkbox\" name=\"category_revija22\" value=\"revija22\" title=\"Revija22\"\/>&nbsp;<span class=\"fbd-term-label\">Revija22<\/span><\/label><\/div><div data-tab-index=\"29\" class=\"fbd-cell\"><label for=\"category_revija23_29\"><input  data-taxonomy=\"category\" id=\"category_revija23_29\" class=\"fbd-checkbox fbd-filter\" type=\"checkbox\" name=\"category_revija23\" value=\"revija23\" title=\"Revija23\"\/>&nbsp;<span class=\"fbd-term-label\">Revija23<\/span><\/label><\/div><div data-tab-index=\"30\" class=\"fbd-cell\"><label for=\"category_revija24_30\"><input  data-taxonomy=\"category\" id=\"category_revija24_30\" class=\"fbd-checkbox fbd-filter\" type=\"checkbox\" name=\"category_revija24\" value=\"revija24\" title=\"Revija24\"\/>&nbsp;<span class=\"fbd-term-label\">Revija24<\/span><\/label><\/div><div data-tab-index=\"31\" class=\"fbd-cell\"><label for=\"category_revija25_31\"><input  data-taxonomy=\"category\" id=\"category_revija25_31\" class=\"fbd-checkbox fbd-filter\" type=\"checkbox\" name=\"category_revija25\" value=\"revija25\" title=\"Revija25\"\/>&nbsp;<span class=\"fbd-term-label\">Revija25<\/span><\/label><\/div><div data-tab-index=\"32\" class=\"fbd-cell\"><label for=\"category_revija26_32\"><input  data-taxonomy=\"category\" id=\"category_revija26_32\" class=\"fbd-checkbox fbd-filter\" type=\"checkbox\" name=\"category_revija26\" value=\"revija26\" title=\"Revija26\"\/>&nbsp;<span class=\"fbd-term-label\">Revija26<\/span><\/label><\/div><div data-tab-index=\"33\" class=\"fbd-cell\"><label for=\"category_revija27_33\"><input  data-taxonomy=\"category\" id=\"category_revija27_33\" class=\"fbd-checkbox fbd-filter\" type=\"checkbox\" name=\"category_revija27\" value=\"revija27\" title=\"Revija27\"\/>&nbsp;<span class=\"fbd-term-label\">Revija27<\/span><\/label><\/div><div data-tab-index=\"34\" class=\"fbd-cell\"><label for=\"category_revija28_34\"><input  data-taxonomy=\"category\" id=\"category_revija28_34\" class=\"fbd-checkbox fbd-filter\" type=\"checkbox\" name=\"category_revija28\" value=\"revija28\" title=\"Revija28\"\/>&nbsp;<span class=\"fbd-term-label\">Revija28<\/span><\/label><\/div><div data-tab-index=\"35\" class=\"fbd-cell\"><label for=\"category_revija29_35\"><input  data-taxonomy=\"category\" id=\"category_revija29_35\" class=\"fbd-checkbox fbd-filter\" type=\"checkbox\" name=\"category_revija29\" value=\"revija29\" title=\"Revija29\"\/>&nbsp;<span class=\"fbd-term-label\">Revija29<\/span><\/label><\/div><div data-tab-index=\"36\" class=\"fbd-cell\"><label for=\"category_revija30_36\"><input  data-taxonomy=\"category\" id=\"category_revija30_36\" class=\"fbd-checkbox fbd-filter\" type=\"checkbox\" name=\"category_revija30\" value=\"revija30\" title=\"Revija30\"\/>&nbsp;<span class=\"fbd-term-label\">Revija30<\/span><\/label><\/div><div data-tab-index=\"37\" class=\"fbd-cell\"><label for=\"category_uncategorized_37\"><input  data-taxonomy=\"category\" id=\"category_uncategorized_37\" class=\"fbd-checkbox fbd-filter\" type=\"checkbox\" name=\"category_uncategorized\" value=\"uncategorized\" title=\"Uncategorized\"\/>&nbsp;<span class=\"fbd-term-label\">Uncategorized<\/span><\/label><\/div><\/div><div class=\"fbd-clear\"><\/div><\/div><div data-taxonomy=\"calendar\" class='fbd-filter-group fbd-tabs-panel tab-calendar'><div class=\"fbd-checked\"><\/div><div class=\"fbd-unchecked\"><div data-tab-index=\"0\" class=\"fbd-cell\"><label for=\"calendar_kalendar_0\"><input  data-taxonomy=\"calendar\" id=\"calendar_kalendar_0\" class=\"fbd-checkbox fbd-filter\" type=\"checkbox\" name=\"calendar_kalendar\" value=\"kalendar\" title=\"Kalendar doga\u0111anja\"\/>&nbsp;<span class=\"fbd-term-label\">Kalendar doga\u0111anja<\/span><\/label><\/div><\/div><div class=\"fbd-clear\"><\/div><\/div><div data-taxonomy=\"organizer\" class='fbd-filter-group fbd-tabs-panel tab-organizer'><div class=\"fbd-checked\"><\/div><div class=\"fbd-unchecked\"><div data-tab-index=\"0\" class=\"fbd-cell\"><label for=\"organizer_gklrijeka_0\"><input  data-taxonomy=\"organizer\" id=\"organizer_gklrijeka_0\" class=\"fbd-checkbox fbd-filter\" type=\"checkbox\" name=\"organizer_gklrijeka\" value=\"gklrijeka\" title=\"GKL Rijeka\"\/>&nbsp;<span class=\"fbd-term-label\">GKL Rijeka<\/span><\/label><\/div><\/div><div class=\"fbd-clear\"><\/div><\/div><div data-taxonomy=\"venue\" class='fbd-filter-group fbd-tabs-panel tab-venue'><div class=\"fbd-checked\"><\/div><div class=\"fbd-unchecked\"><div data-tab-index=\"0\" class=\"fbd-cell\"><label for=\"venue_djecja-kuca_0\"><input  data-taxonomy=\"venue\" id=\"venue_djecja-kuca_0\" class=\"fbd-checkbox fbd-filter\" type=\"checkbox\" name=\"venue_djecja-kuca\" value=\"djecja-kuca\" title=\"Dje\u010dja Ku\u0107a\"\/>&nbsp;<span class=\"fbd-term-label\">Dje\u010dja Ku\u0107a<\/span><\/label><\/div><div data-tab-index=\"1\" class=\"fbd-cell\"><label for=\"venue_gklrijekalokacija_1\"><input  data-taxonomy=\"venue\" id=\"venue_gklrijekalokacija_1\" class=\"fbd-checkbox fbd-filter\" type=\"checkbox\" name=\"venue_gklrijekalokacija\" value=\"gklrijekalokacija\" title=\"Gradsko kazali\u0161te lutaka Rijeka\"\/>&nbsp;<span class=\"fbd-term-label\">Gradsko kazali\u0161te lutaka Rijeka<\/span><\/label><\/div><div data-tab-index=\"2\" class=\"fbd-cell\"><label for=\"venue_hkd_2\"><input  data-taxonomy=\"venue\" id=\"venue_hkd_2\" class=\"fbd-checkbox fbd-filter\" type=\"checkbox\" name=\"venue_hkd\" value=\"hkd\" title=\"HKD\"\/>&nbsp;<span class=\"fbd-term-label\">HKD<\/span><\/label><\/div><\/div><div class=\"fbd-clear\"><\/div><\/div>\t\t\t\n\t\t\t\t<\/div>\n\t\t\t\t<div class=\"fbd-dialog-controls\">\n\t\t\t\t\t<input type=\"button\" class=\"fbd-button-secondary fbd-dg-remove\" name=\"fbd-dg-remove\" value=\"Show all\" \/>\n\t\t\t\t\t<input type=\"button\" class=\"fbd-button fbd-button-primary fbd-dg-apply\" name=\"fbd-dg-apply\" value=\"Apply filters\" \/>\n\t\t\t\t\t<div class=\"fbd-status\">\n\t\t\t\t\t\t<img src=\"https:\/\/www.gkl-rijeka.hr\/wp-admin\/images\/wpspin_light.gif\" alt=\"\" \/>\n\t\t\t\t\t<\/div>\n\t\t\t\t\t<div class=\"fbd-clear\"><\/div>\n\t\t\t\t<\/div>\n\t\t\t\t<div class=\"fbd-clear\"><\/div>\n\t\t\t<\/div>\n\t\t\t<div class=\"fbd-clear\"><\/div>\n\t\t<\/div>\n\t<\/div>\n<\/div>\n<div class=\"rhc_calendar_widget_day_click\">\n\t<div class=\"rhc_calendar_widget_day_click_holder\"><\/div>\n\t<div class=\"rhc_calendar_widget_day_click_template\" style=\"display:none;\">\n\t\t<div class=\"rhc-widget-event-list map-close\">\n\t\t\t<div class=\"rhc-widget-event-list-head\">\n\t\t        <div class=\"rhc-widget-event-list-date\">\n                   <div class=\"rhc-dayname rhc_date rhc_start\" data-fc_field=\"start\" data-fc_date_format=\"dddd\"><\/div>\n\t\t           <div class=\"rhc-day rhc_date rhc_start\" data-fc_field=\"start\" data-fc_date_format=\"d\"><\/div>\n\t\t        <\/div>\n                <div class=\"rhc-title-date-venue\">\n                \t<div class=\"rhc_title\"><\/div>\n                    <div class=\"rhc-time-location\">\n                        <div class=\"rhc-event-time\"><span class=\"rhc-icon-time rhc_start_time rhc_date\" data-fc_field=\"start\" data-fc_date_format=\"HH:mm\"><\/span><\/div>\n                        <div class=\"rhc-widget-taxonomy\">\n                            <div class=\"taxonomy-venue\"><\/div>\n                        <\/div>\n                    <\/div>\n                <\/div>\n\t\t    <\/div>\n\t\t\t<div class=\"rhc-widget-event-list-body\">\n            \t \n\t        \t  <div class=\"rhc-details\">\n\t                <div class=\"rhc_description\"><\/div>\n\t\t\t\t\t                    <div class=\"rhc-map-view\" data-size=\"300x150\" data-zoom=\"13\" data-maptype=\"roadmap\" data-ratio=\"4:3\"><\/div>\n\t              <\/div>\n\t           <div class=\"rhc_featured_image\"><\/div>\t\t\t\n\t\t\t<\/div>\n\t\t<\/div>\n\t<\/div>\n<\/div><object class=\"rhc-preload\" style=\"display:none;\" data-start=\"1773705600\" data-end=\"1778975999\"  data-url=\"https:\/\/www.gkl-rijeka.hr\/?rhc_action=get_calendar_events&post_type[]=events\" data-request=\"{&quot;rhc_action&quot;:&quot;get_calendar_events&quot;,&quot;post_type&quot;:[&quot;events&quot;],&quot;start&quot;:1773705600,&quot;end&quot;:1778975999,&quot;rhc_shrink&quot;:&quot;1&quot;,&quot;view&quot;:&quot;month&quot;,&quot;ver&quot;:&quot;7860e63179279c66b5e13718167588ce&quot;,&quot;_&quot;:&quot;&quot;}\" data-events=\"{&quot;R&quot;:&quot;OK&quot;,&quot;MSG&quot;:&quot;&quot;,&quot;EVENTS&quot;:[{&quot;0&quot;:&quot;17611-post&quot;,&quot;1&quot;:17611,&quot;2&quot;:&quot;Mi\\u0161evi i ma\\u010dke naglava\\u010dke&quot;,&quot;3&quot;:&quot;2026-03-06 18:00:00&quot;,&quot;4&quot;:&quot;2026-03-06 00:00:00&quot;,&quot;5&quot;:&quot;https:\\\/\\\/www.gkl-rijeka.hr\\\/index.php\\\/misevi\\\/&quot;,&quot;6&quot;:&quot;Mi\\u0161evi kolo vode, a ma\\u010dka im ne dopu\\u0161ta i pru\\u017ea pand\\u017ee. Jednom rije\\u010dju kaos! Zbrka cijela!&quot;,&quot;7&quot;:[&quot;https:\\\/\\\/www.gkl-rijeka.hr\\\/wp-content\\\/uploads\\\/2026\\\/02\\\/Mis\\u030cevi-i-mac\\u030cke_078-bez-renate-400x400.jpg?wsr&quot;,400,400,true],&quot;8&quot;:[&quot;https:\\\/\\\/www.gkl-rijeka.hr\\\/wp-content\\\/uploads\\\/2026\\\/02\\\/Mis\\u030cevi-i-mac\\u030cke_078-bez-renate-400x400.jpg?wsr&quot;,400,400,true],&quot;9&quot;:[5,6,26,27,28],&quot;10&quot;:&quot;view&quot;,&quot;12&quot;:[&quot;https:\\\/\\\/www.gkl-rijeka.hr\\\/wp-content\\\/uploads\\\/2026\\\/02\\\/Mis\\u030cevi-i-mac\\u030cke_078-400x400.jpg?wsr&quot;,400,400,true],&quot;13&quot;:&quot;20260312T180000,20260313T180000,20260314T110000,20260314T180000,20260319T180000,20260320T180000,20260321T160000,20260321T180000&quot;,&quot;15&quot;:&quot;2026-03-06&quot;,&quot;16&quot;:&quot;18:00&quot;,&quot;17&quot;:&quot;2026-03-06&quot;,&quot;18&quot;:&quot;#&quot;,&quot;19&quot;:&quot;#&quot;,&quot;20&quot;:&quot;_self&quot;},{&quot;0&quot;:&quot;17149-post&quot;,&quot;1&quot;:17149,&quot;2&quot;:&quot;Optu\\u017eeni Vuk&quot;,&quot;3&quot;:&quot;2024-04-13 11:00:00&quot;,&quot;4&quot;:&quot;2024-04-13 12:00:00&quot;,&quot;5&quot;:&quot;https:\\\/\\\/www.gkl-rijeka.hr\\\/index.php\\\/optuzeni-vuk\\\/&quot;,&quot;7&quot;:[&quot;https:\\\/\\\/www.gkl-rijeka.hr\\\/wp-content\\\/uploads\\\/2025\\\/08\\\/Optuzeni-vuk_090-400x400.jpg?wsr&quot;,400,400,true],&quot;8&quot;:[&quot;https:\\\/\\\/www.gkl-rijeka.hr\\\/wp-content\\\/uploads\\\/2025\\\/08\\\/Optuzeni-vuk_090-400x400.jpg?wsr&quot;,400,400,true],&quot;9&quot;:[5,6,26,27,28],&quot;10&quot;:&quot;view&quot;,&quot;13&quot;:&quot;20240413T190000,20240418T180000,20240419T180000,20240420T110000,20240525T110000,20240525T180000,20240531T180000,20240601T110000,20240920T180000,20240921T110000,20240921T180000,20240926T180000,20240927T180000,20240928T180000,20241004T180000,20241005T110000,20241005T180000,20241010T180000,20241011T180000,20241012T110000,20241012T180000,20241024T180000,20250426T190000,20250510T110000,20250510T180000,20250512T180000,20250517T110000,20250517T180000,20250522T180000,20250612T180000,20250613T180000,20250614T110000,20250925T180000,20250926T180000,20250927T110000,20250927T180000,20251010T180000,20251011T110000,20251011T180000,20251016T180000,20251017T180000,20251018T110000,20251018T180000,20260129T180000,20260130T180000,20260423T180000,20260424T180000,20260425T110000,20260425T180000&quot;,&quot;15&quot;:&quot;2024-04-13&quot;,&quot;16&quot;:&quot;11:00&quot;,&quot;17&quot;:&quot;2024-04-13&quot;,&quot;35&quot;:&quot;12:00&quot;,&quot;18&quot;:&quot;#&quot;,&quot;19&quot;:&quot;#&quot;,&quot;20&quot;:&quot;_self&quot;},{&quot;0&quot;:&quot;16812-post&quot;,&quot;1&quot;:16812,&quot;2&quot;:&quot;Slatke rije\\u010di&quot;,&quot;3&quot;:&quot;2024-04-13 11:00:00&quot;,&quot;4&quot;:&quot;2024-04-13 12:00:00&quot;,&quot;5&quot;:&quot;https:\\\/\\\/www.gkl-rijeka.hr\\\/index.php\\\/slatke-rijeci\\\/&quot;,&quot;6&quot;:&quot;Univerzalna pri\\u010da o samoizra\\u017eavanju i obiteljskoj ljubavi te podr\\u0161ci.&quot;,&quot;7&quot;:[&quot;https:\\\/\\\/www.gkl-rijeka.hr\\\/wp-content\\\/uploads\\\/2025\\\/03\\\/Sltke-rijec\\u2560ii_23-400x400.jpg?wsr&quot;,400,400,true],&quot;8&quot;:[&quot;https:\\\/\\\/www.gkl-rijeka.hr\\\/wp-content\\\/uploads\\\/2025\\\/03\\\/Sltke-rijec\\u2560ii_23-400x400.jpg?wsr&quot;,400,400,true],&quot;9&quot;:[5,6,26,27,28],&quot;10&quot;:&quot;view&quot;,&quot;13&quot;:&quot;20240413T190000,20240418T180000,20240419T180000,20240420T110000,20240525T110000,20240525T180000,20240531T180000,20240601T110000,20240920T180000,20240921T110000,20240921T180000,20240926T180000,20240927T180000,20240928T180000,20241004T180000,20241005T110000,20241005T180000,20241010T180000,20241011T180000,20241012T110000,20241012T180000,20241024T180000,20250426T190000,20250510T110000,20250510T180000,20250512T180000,20250517T110000,20250517T180000,20250522T180000,20250612T180000,20250613T180000,20250614T110000,20251030T180000,20251031T180000,20260402T180000,20260403T180000,20260404T110000&quot;,&quot;15&quot;:&quot;2024-04-13&quot;,&quot;16&quot;:&quot;11:00&quot;,&quot;17&quot;:&quot;2024-04-13&quot;,&quot;35&quot;:&quot;12:00&quot;,&quot;18&quot;:&quot;#&quot;,&quot;19&quot;:&quot;#&quot;,&quot;20&quot;:&quot;_self&quot;},{&quot;0&quot;:&quot;16658-post&quot;,&quot;1&quot;:16658,&quot;2&quot;:&quot;Dan kad sam se pretvorio u pticu&quot;,&quot;3&quot;:&quot;2024-04-13 11:00:00&quot;,&quot;4&quot;:&quot;2024-04-13 12:00:00&quot;,&quot;5&quot;:&quot;https:\\\/\\\/www.gkl-rijeka.hr\\\/index.php\\\/dan-kad-sam-se-pretvorio-u-pticu\\\/&quot;,&quot;6&quot;:&quot;Ova originalna pri\\u010da do\\u010darava svu snagu i ozbiljnost ljubavi, te ujedno za\\u010dudnost i osobitost koju u nama budi zaljubljenost.&quot;,&quot;7&quot;:[&quot;https:\\\/\\\/www.gkl-rijeka.hr\\\/wp-content\\\/uploads\\\/2025\\\/02\\\/Ptice_010-400x400.jpg?wsr&quot;,400,400,true],&quot;8&quot;:[&quot;https:\\\/\\\/www.gkl-rijeka.hr\\\/wp-content\\\/uploads\\\/2025\\\/02\\\/Ptice_010-400x400.jpg?wsr&quot;,400,400,true],&quot;9&quot;:[5,6,26,27,28],&quot;10&quot;:&quot;view&quot;,&quot;13&quot;:&quot;20240413T180000,20240418T180000,20240419T180000,20240420T110000,20240525T110000,20240525T180000,20240531T180000,20240601T110000,20240920T180000,20240921T110000,20240921T180000,20240926T180000,20240927T180000,20240928T180000,20241004T180000,20241005T110000,20241005T180000,20241010T180000,20241011T180000,20241012T110000,20241012T180000,20241024T180000,20250301T180000,20250313T180000,20250315T110000,20250315T180000,20250527T180000,20250529T180000,20250531T110000,20250531T180000,20251003T180000,20251004T110000,20260409T180000,20260410T180000,20260411T110000,20260411T180000&quot;,&quot;15&quot;:&quot;2024-04-13&quot;,&quot;16&quot;:&quot;11:00&quot;,&quot;17&quot;:&quot;2024-04-13&quot;,&quot;35&quot;:&quot;12:00&quot;,&quot;18&quot;:&quot;#&quot;,&quot;19&quot;:&quot;#&quot;,&quot;20&quot;:&quot;_self&quot;},{&quot;0&quot;:&quot;13775-post&quot;,&quot;1&quot;:13775,&quot;2&quot;:&quot;P\\u010delica Maja&quot;,&quot;3&quot;:&quot;2022-10-27 18:00:00&quot;,&quot;4&quot;:&quot;2022-10-27 00:00:00&quot;,&quot;5&quot;:&quot;https:\\\/\\\/www.gkl-rijeka.hr\\\/index.php\\\/pcelica-maja-2\\\/&quot;,&quot;6&quot;:&quot;Identitet se ne gradi samo kod ku\\u0107e, ve\\u0107 je svakome od nas potrebno odletjeti iz ko\\u0161nice kako bismo se nau\\u010dili \\u017eivotu.&quot;,&quot;7&quot;:[&quot;https:\\\/\\\/www.gkl-rijeka.hr\\\/wp-content\\\/uploads\\\/2022\\\/10\\\/Pcelica_63-400x400.jpg?wsr&quot;,400,400,true],&quot;8&quot;:[&quot;https:\\\/\\\/www.gkl-rijeka.hr\\\/wp-content\\\/uploads\\\/2022\\\/10\\\/Pcelica_63.jpg?wsr&quot;,2000,1334,false],&quot;9&quot;:[5,6,26,27,28],&quot;10&quot;:&quot;view&quot;,&quot;12&quot;:[&quot;https:\\\/\\\/www.gkl-rijeka.hr\\\/wp-content\\\/uploads\\\/2022\\\/10\\\/Pcelica_63-400x400.jpg?wsr&quot;,400,400,true],&quot;13&quot;:&quot;20221028T180000,20221029T110000,20221029T180000,20221117T180000,20221119T110000,20221119T180000,20230209T180000,20230210T180000,20230211T110000,20230211T180000,20230216T180000,20230217T180000,20230218T110000,20230218T180000,20240606T180000,20240607T180000,20240608T110000,20240608T180000,20241212T190000,20241213T173000,20241214T110000,20241214T180000,20260430T180000,20260507T180000,20260515T180000,20260516T110000,20260516T180000&quot;,&quot;15&quot;:&quot;2022-10-27&quot;,&quot;16&quot;:&quot;18&quot;,&quot;17&quot;:&quot;2022-10-27&quot;,&quot;18&quot;:&quot;#&quot;,&quot;19&quot;:&quot;#&quot;,&quot;20&quot;:&quot;_self&quot;},{&quot;0&quot;:&quot;4893-post&quot;,&quot;1&quot;:4893,&quot;2&quot;:&quot;\\u010cetiri godi\\u0161nja doba&quot;,&quot;3&quot;:&quot;2017-10-12 18:00:00&quot;,&quot;4&quot;:&quot;2017-10-12 00:00:00&quot;,&quot;5&quot;:&quot;https:\\\/\\\/www.gkl-rijeka.hr\\\/index.php\\\/cetiri-godisnja-doba\\\/&quot;,&quot;6&quot;:&quot;U ciklusu Pri\\u010dopredstava donosimo novi oblik pripovjednog kazali\\u0161ta \\u2013 Kami\\u0161ibaj teatar.&quot;,&quot;7&quot;:[&quot;https:\\\/\\\/www.gkl-rijeka.hr\\\/wp-content\\\/uploads\\\/2017\\\/07\\\/Astro_194-1-400x400.jpg?wsr&quot;,400,400,true],&quot;8&quot;:[&quot;https:\\\/\\\/www.gkl-rijeka.hr\\\/wp-content\\\/uploads\\\/2017\\\/07\\\/Astro_194-1.jpg?wsr&quot;,1500,1000,false],&quot;9&quot;:[5,6,26,27,59],&quot;10&quot;:&quot;view&quot;,&quot;12&quot;:[&quot;https:\\\/\\\/www.gkl-rijeka.hr\\\/wp-content\\\/uploads\\\/2011\\\/02\\\/20Y1530-400x400.jpg?wsr&quot;,400,400,true],&quot;13&quot;:&quot;20170505T180000,20170506T110000,20170506T180000,20170511T180000,20170512T180000,20170513T110000,20170513T180000,20170706T210000,20170707T200000,20170707T210000,20171012T190000,20171014T110000,20171014T180000,20171019T180000,20171019T190000,20171020T180000,20171020T190000,20171021T110000,20171021T180000,20180322T180000,20180323T180000,20180324T110000,20180324T180000,20200522T180000,20200523T180000,20200528T180000,20200529T180000,20201203T180000,20201204T180000,20210928T180000,20210929T180000,20211215T170000,20211215T183000,20250201T110000,20250201T180000,20260326T180000,20260327T180000,20260328T110000,20260328T180000&quot;,&quot;15&quot;:&quot;2017-10-12&quot;,&quot;16&quot;:&quot;18:00&quot;,&quot;17&quot;:&quot;2017-10-12&quot;,&quot;18&quot;:&quot;#ea3d00&quot;,&quot;19&quot;:&quot;#&quot;,&quot;20&quot;:&quot;_self&quot;},{&quot;0&quot;:&quot;3045-post&quot;,&quot;1&quot;:3045,&quot;2&quot;:&quot;Snjeguljica d.d.&quot;,&quot;3&quot;:&quot;2016-10-20 18:00:00&quot;,&quot;4&quot;:&quot;2016-10-20 19:00:00&quot;,&quot;5&quot;:&quot;https:\\\/\\\/www.gkl-rijeka.hr\\\/index.php\\\/snjeguljica-d-d\\\/&quot;,&quot;6&quot;:&quot;Snjeguljica \\u0107e se ponovno na\\u0107i u vlastitoj bajci i sjetiti onoga \\u0161to je u \\u017eivotu zaista va\\u017eno.&quot;,&quot;7&quot;:[&quot;https:\\\/\\\/www.gkl-rijeka.hr\\\/wp-content\\\/uploads\\\/2016\\\/03\\\/Snjeguljica_904-400x400.jpg?wsr&quot;,400,400,true],&quot;8&quot;:[&quot;https:\\\/\\\/www.gkl-rijeka.hr\\\/wp-content\\\/uploads\\\/2016\\\/03\\\/Snjeguljica_904.jpg?wsr&quot;,2047,1365,false],&quot;9&quot;:[5,6,26,27,28],&quot;10&quot;:&quot;view&quot;,&quot;12&quot;:[&quot;https:\\\/\\\/www.gkl-rijeka.hr\\\/wp-content\\\/uploads\\\/2016\\\/03\\\/Snjeguljica_904-400x400.jpg?wsr&quot;,400,400,true],&quot;13&quot;:&quot;20161022T110000,20161027T180000,20161028T180000,20161029T110000,20161029T180000,20161130T180000,20191129T180000,20191130T110000,20191130T180000,20191205T180000,20191206T180000,20191207T110000,20191207T180000,20210531T190000,20210601T173000,20210602T173000,20210604T173000,20210605T110000,20210605T180000,20231130T180000,20231201T180000,20231202T110000,20260418T110000,20260418T180000&quot;,&quot;15&quot;:&quot;2016-10-20&quot;,&quot;16&quot;:&quot;18:00&quot;,&quot;17&quot;:&quot;2016-10-20&quot;,&quot;35&quot;:&quot;19:00&quot;,&quot;36&quot;:&quot;FREQ=DAILY;INTERVAL=1&quot;,&quot;37&quot;:&quot;FREQ=DAILY;INTERVAL=1;COUNT=3&quot;,&quot;38&quot;:&quot;2016-10-21&quot;,&quot;18&quot;:&quot;#e467d1&quot;,&quot;19&quot;:&quot;#&quot;,&quot;20&quot;:&quot;_self&quot;}],&quot;TERMS&quot;:{&quot;5&quot;:{&quot;21&quot;:5,&quot;22&quot;:&quot;category&quot;,&quot;23&quot;:&quot;Category&quot;,&quot;24&quot;:&quot;predstave&quot;,&quot;25&quot;:&quot;Predstave&quot;,&quot;5&quot;:&quot;https:\\\/\\\/www.gkl-rijeka.hr\\\/index.php\\\/category\\\/predstave\\\/&quot;},&quot;6&quot;:{&quot;21&quot;:6,&quot;22&quot;:&quot;category&quot;,&quot;23&quot;:&quot;Category&quot;,&quot;24&quot;:&quot;program&quot;,&quot;25&quot;:&quot;Program kazali\\u0161ta&quot;,&quot;5&quot;:&quot;https:\\\/\\\/www.gkl-rijeka.hr\\\/index.php\\\/category\\\/program\\\/&quot;},&quot;26&quot;:{&quot;21&quot;:26,&quot;22&quot;:&quot;calendar&quot;,&quot;23&quot;:&quot;Calendar&quot;,&quot;24&quot;:&quot;kalendar&quot;,&quot;25&quot;:&quot;Kalendar doga\\u0111anja&quot;,&quot;5&quot;:&quot;https:\\\/\\\/www.gkl-rijeka.hr\\\/index.php\\\/calendar\\\/kalendar\\\/&quot;},&quot;27&quot;:{&quot;21&quot;:27,&quot;22&quot;:&quot;organizer&quot;,&quot;23&quot;:&quot;Organizer&quot;,&quot;24&quot;:&quot;gklrijeka&quot;,&quot;25&quot;:&quot;GKL Rijeka&quot;,&quot;5&quot;:&quot;https:\\\/\\\/www.gkl-rijeka.hr\\\/index.php\\\/organizer\\\/gklrijeka\\\/&quot;},&quot;28&quot;:{&quot;21&quot;:28,&quot;22&quot;:&quot;venue&quot;,&quot;23&quot;:&quot;Venue&quot;,&quot;24&quot;:&quot;gklrijekalokacija&quot;,&quot;25&quot;:&quot;Gradsko kazali\\u0161te lutaka Rijeka&quot;,&quot;5&quot;:&quot;https:\\\/\\\/www.gkl-rijeka.hr\\\/index.php\\\/venue\\\/gklrijekalokacija\\\/&quot;,&quot;26&quot;:&quot;Gradsko kazali\\u0161te lutaka Rijeka, Bla\\u017ea Poli\\u0107a 6, Rijeka, Croatia&quot;,&quot;27&quot;:&quot;45.3304389048341&quot;,&quot;28&quot;:&quot;14.43429409413858&quot;,&quot;30&quot;:&quot;Bla\\u017ea Poli\\u0107a 6&quot;,&quot;31&quot;:&quot;Rijeka&quot;,&quot;33&quot;:&quot;51000&quot;,&quot;34&quot;:&quot;Hrvatska&quot;},&quot;59&quot;:{&quot;21&quot;:59,&quot;22&quot;:&quot;venue&quot;,&quot;23&quot;:&quot;Venue&quot;,&quot;24&quot;:&quot;djecja-kuca&quot;,&quot;25&quot;:&quot;Dje\\u010dja Ku\\u0107a&quot;,&quot;5&quot;:&quot;https:\\\/\\\/www.gkl-rijeka.hr\\\/index.php\\\/venue\\\/djecja-kuca\\\/&quot;,&quot;26&quot;:&quot;Ul. Nikole Tesle, 51000, Rijeka&quot;,&quot;27&quot;:&quot;45.33125349480492&quot;,&quot;28&quot;:&quot;14.432231475465382&quot;,&quot;7&quot;:&quot;https:\\\/\\\/djecjakuca.hr\\\/app\\\/themes\\\/dk\\\/dist\\\/images\\\/logo-yellow.svg&quot;,&quot;30&quot;:&quot;Art Kvart Ben\\u010di\\u0107&quot;,&quot;31&quot;:&quot;Rijeka&quot;,&quot;32&quot;:&quot;PGZ&quot;,&quot;33&quot;:&quot;51000&quot;,&quot;34&quot;:&quot;Croatia&quot;}},&quot;MAP&quot;:[[0,&quot;id&quot;],[1,&quot;local_id&quot;],[2,&quot;title&quot;],[3,&quot;start&quot;],[4,&quot;end&quot;],[5,&quot;url&quot;],[6,&quot;description&quot;],[7,&quot;image&quot;],[8,&quot;image_full&quot;],[9,&quot;terms&quot;],[10,&quot;fc_click_link&quot;],[11,&quot;menu_order&quot;],[12,&quot;month_image&quot;],[13,&quot;fc_rdate&quot;],[14,&quot;allDay&quot;],[15,&quot;fc_start&quot;],[16,&quot;fc_start_time&quot;],[17,&quot;fc_end&quot;],[18,&quot;color&quot;],[19,&quot;textColor&quot;],[20,&quot;fc_click_target&quot;],[21,&quot;term_id&quot;],[22,&quot;taxonomy&quot;],[23,&quot;taxonomy_label&quot;],[24,&quot;slug&quot;],[25,&quot;name&quot;],[26,&quot;gaddress&quot;],[27,&quot;glat&quot;],[28,&quot;glon&quot;],[29,&quot;background_color&quot;],[30,&quot;address&quot;],[31,&quot;city&quot;],[32,&quot;state&quot;],[33,&quot;zip&quot;],[34,&quot;country&quot;],[35,&quot;fc_end_time&quot;],[36,&quot;fc_interval&quot;],[37,&quot;fc_rrule&quot;],[38,&quot;fc_end_interval&quot;]],&quot;SEARCH&quot;:0,&quot;GMT_OFFSET&quot;:&quot;0&quot;}\"><\/object><div style=\"clear:both\"><\/div><noscript><a href=\"https:\/\/www.gkl-rijeka.hr\/index.php\/wp-json\/wp\/v2\/posts\/281\/rhc-past-events\/0\/\">Older events<\/a><a href=\"https:\/\/www.gkl-rijeka.hr\/index.php\/wp-json\/wp\/v2\/posts\/281\/rhc-upcoming-events\/1\/\">Next events<\/a><\/noscript><\/div> [\/et_pb_text][et_pb_divider admin_label=&#8221;Divider&#8221; color=&#8221;#999999&#8243; show_divider=&#8221;on&#8221; divider_style=&#8221;solid&#8221; divider_position=&#8221;top&#8221; hide_on_mobile=&#8221;on&#8221;] [\/et_pb_divider][et_pb_text admin_label=&#8221;naslovListaEvenata01&#8243; global_parent=&#8221;2318&#8243; background_layout=&#8221;light&#8221; text_orientation=&#8221;left&#8221; use_border_color=&#8221;off&#8221; border_color=&#8221;#ffffff&#8221; border_style=&#8221;solid&#8221; module_id=&#8221;naslovListaEvenata01&#8243; custom_padding=&#8221;||0px|&#8221; custom_margin=&#8221;||20px|&#8221;]<\/p>\n<h1>Nadolaze\u0107e predstave<\/h1>\n<p>[\/et_pb_text][et_pb_sidebar admin_label=&#8221;listaEvenata01&#8243; orientation=&#8221;left&#8221; area=&#8221;cs-2&#8243; background_layout=&#8221;light&#8221; remove_border=&#8221;on&#8221;] [\/et_pb_sidebar][\/et_pb_column][\/et_pb_section]<\/p>\n","protected":false},"excerpt":{"rendered":"<p>\u201eSlavuj\u201c je pri\u010da o ljudskoj nezahvalnosti, o ljudskoj nestalnosti, ali, ako stvarno razumijemo Andersena,  i pri\u010da o oprostu, o na\u0161oj sposobnosti da \u2013 poput malog slavuja \u2013 zaboravimo nanijeta zla.<\/p>\n","protected":false},"author":3,"featured_media":2787,"comment_status":"closed","ping_status":"closed","sticky":false,"template":"","format":"standard","meta":{"spay_email":""},"categories":[29,6],"tags":[],"jetpack_featured_media_url":"https:\/\/www.gkl-rijeka.hr\/wp-content\/uploads\/2009\/08\/DSC9402.jpg?wsr","yoast_head":"<!-- This site is optimized with the Yoast SEO plugin v15.1.1 - https:\/\/yoast.com\/wordpress\/plugins\/seo\/ -->\n<meta name=\"robots\" content=\"index, follow, max-snippet:-1, max-image-preview:large, max-video-preview:-1\" \/>\n<link rel=\"canonical\" href=\"https:\/\/www.gkl-rijeka.hr\/index.php\/slavuj\/\" \/>\n<meta property=\"og:locale\" content=\"en_US\" \/>\n<meta property=\"og:type\" content=\"article\" \/>\n<meta property=\"og:title\" content=\"Slavuj - Gradsko kazali\u0161te lutaka Rijeka\" \/>\n<meta property=\"og:description\" content=\"\u201eSlavuj\u201c je pri\u010da o ljudskoj nezahvalnosti, o ljudskoj nestalnosti, ali, ako stvarno razumijemo Andersena, i pri\u010da o oprostu, o na\u0161oj sposobnosti da \u2013 poput malog slavuja \u2013 zaboravimo nanijeta zla.\" \/>\n<meta property=\"og:url\" content=\"https:\/\/www.gkl-rijeka.hr\/index.php\/slavuj\/\" \/>\n<meta property=\"og:site_name\" content=\"Gradsko kazali\u0161te lutaka Rijeka\" \/>\n<meta property=\"article:publisher\" content=\"https:\/\/www.facebook.com\/gkl.rijeka\" \/>\n<meta property=\"article:published_time\" content=\"2009-08-24T10:56:36+00:00\" \/>\n<meta property=\"article:modified_time\" content=\"2016-06-27T13:04:37+00:00\" \/>\n<meta property=\"og:image\" content=\"https:\/\/www.gkl-rijeka.hr\/wp-content\/uploads\/2009\/08\/DSC9402.jpg?wsr\" \/>\n\t<meta property=\"og:image:width\" content=\"399\" \/>\n\t<meta property=\"og:image:height\" content=\"600\" \/>\n<meta property=\"fb:app_id\" content=\"368762594246882\" \/>\n<meta name=\"twitter:card\" content=\"summary\" \/>\n<script type=\"application\/ld+json\" class=\"yoast-schema-graph\">{\"@context\":\"https:\/\/schema.org\",\"@graph\":[{\"@type\":\"Organization\",\"@id\":\"https:\/\/www.gkl-rijeka.hr\/#organization\",\"name\":\"Gradsko kazali\\u0161te lutaka Rijeka\",\"url\":\"https:\/\/www.gkl-rijeka.hr\/\",\"sameAs\":[\"https:\/\/www.facebook.com\/gkl.rijeka\"],\"logo\":{\"@type\":\"ImageObject\",\"@id\":\"https:\/\/www.gkl-rijeka.hr\/#logo\",\"inLanguage\":\"en-US\",\"url\":\"https:\/\/www.gkl-rijeka.hr\/wp-content\/uploads\/2020\/10\/logo_boja_01.png?wsr\",\"width\":209,\"height\":280,\"caption\":\"Gradsko kazali\\u0161te lutaka Rijeka\"},\"image\":{\"@id\":\"https:\/\/www.gkl-rijeka.hr\/#logo\"}},{\"@type\":\"WebSite\",\"@id\":\"https:\/\/www.gkl-rijeka.hr\/#website\",\"url\":\"https:\/\/www.gkl-rijeka.hr\/\",\"name\":\"Gradsko kazali\\u0161te lutaka Rijeka\",\"description\":\"\",\"publisher\":{\"@id\":\"https:\/\/www.gkl-rijeka.hr\/#organization\"},\"potentialAction\":[{\"@type\":\"SearchAction\",\"target\":\"https:\/\/www.gkl-rijeka.hr\/?s={search_term_string}\",\"query-input\":\"required name=search_term_string\"}],\"inLanguage\":\"en-US\"},{\"@type\":\"ImageObject\",\"@id\":\"https:\/\/www.gkl-rijeka.hr\/index.php\/slavuj\/#primaryimage\",\"inLanguage\":\"en-US\",\"url\":\"https:\/\/www.gkl-rijeka.hr\/wp-content\/uploads\/2009\/08\/DSC9402.jpg?wsr\",\"width\":399,\"height\":600},{\"@type\":\"WebPage\",\"@id\":\"https:\/\/www.gkl-rijeka.hr\/index.php\/slavuj\/#webpage\",\"url\":\"https:\/\/www.gkl-rijeka.hr\/index.php\/slavuj\/\",\"name\":\"Slavuj - Gradsko kazali\\u0161te lutaka Rijeka\",\"isPartOf\":{\"@id\":\"https:\/\/www.gkl-rijeka.hr\/#website\"},\"primaryImageOfPage\":{\"@id\":\"https:\/\/www.gkl-rijeka.hr\/index.php\/slavuj\/#primaryimage\"},\"datePublished\":\"2009-08-24T10:56:36+00:00\",\"dateModified\":\"2016-06-27T13:04:37+00:00\",\"inLanguage\":\"en-US\",\"potentialAction\":[{\"@type\":\"ReadAction\",\"target\":[\"https:\/\/www.gkl-rijeka.hr\/index.php\/slavuj\/\"]}]},{\"@type\":\"Article\",\"@id\":\"https:\/\/www.gkl-rijeka.hr\/index.php\/slavuj\/#article\",\"isPartOf\":{\"@id\":\"https:\/\/www.gkl-rijeka.hr\/index.php\/slavuj\/#webpage\"},\"author\":{\"@id\":\"https:\/\/www.gkl-rijeka.hr\/#\/schema\/person\/902062ab3ebb7c87a532ea1895b83da2\"},\"headline\":\"Slavuj\",\"datePublished\":\"2009-08-24T10:56:36+00:00\",\"dateModified\":\"2016-06-27T13:04:37+00:00\",\"mainEntityOfPage\":{\"@id\":\"https:\/\/www.gkl-rijeka.hr\/index.php\/slavuj\/#webpage\"},\"publisher\":{\"@id\":\"https:\/\/www.gkl-rijeka.hr\/#organization\"},\"image\":{\"@id\":\"https:\/\/www.gkl-rijeka.hr\/index.php\/slavuj\/#primaryimage\"},\"articleSection\":\"Arhiva predstava,Program kazali\\u0161ta\",\"inLanguage\":\"en-US\"},{\"@type\":\"Person\",\"@id\":\"https:\/\/www.gkl-rijeka.hr\/#\/schema\/person\/902062ab3ebb7c87a532ea1895b83da2\",\"name\":\"Vedrana\",\"image\":{\"@type\":\"ImageObject\",\"@id\":\"https:\/\/www.gkl-rijeka.hr\/#personlogo\",\"inLanguage\":\"en-US\",\"url\":\"https:\/\/secure.gravatar.com\/avatar\/2661cd1c63328b25d3019be485f4794a?s=96&d=mm&r=g\",\"caption\":\"Vedrana\"}}]}<\/script>\n<!-- \/ Yoast SEO plugin. -->","_links":{"self":[{"href":"https:\/\/www.gkl-rijeka.hr\/index.php\/wp-json\/wp\/v2\/posts\/281"}],"collection":[{"href":"https:\/\/www.gkl-rijeka.hr\/index.php\/wp-json\/wp\/v2\/posts"}],"about":[{"href":"https:\/\/www.gkl-rijeka.hr\/index.php\/wp-json\/wp\/v2\/types\/post"}],"author":[{"embeddable":true,"href":"https:\/\/www.gkl-rijeka.hr\/index.php\/wp-json\/wp\/v2\/users\/3"}],"replies":[{"embeddable":true,"href":"https:\/\/www.gkl-rijeka.hr\/index.php\/wp-json\/wp\/v2\/comments?post=281"}],"version-history":[{"count":3,"href":"https:\/\/www.gkl-rijeka.hr\/index.php\/wp-json\/wp\/v2\/posts\/281\/revisions"}],"predecessor-version":[{"id":3075,"href":"https:\/\/www.gkl-rijeka.hr\/index.php\/wp-json\/wp\/v2\/posts\/281\/revisions\/3075"}],"wp:featuredmedia":[{"embeddable":true,"href":"https:\/\/www.gkl-rijeka.hr\/index.php\/wp-json\/wp\/v2\/media\/2787"}],"wp:attachment":[{"href":"https:\/\/www.gkl-rijeka.hr\/index.php\/wp-json\/wp\/v2\/media?parent=281"}],"wp:term":[{"taxonomy":"category","embeddable":true,"href":"https:\/\/www.gkl-rijeka.hr\/index.php\/wp-json\/wp\/v2\/categories?post=281"},{"taxonomy":"post_tag","embeddable":true,"href":"https:\/\/www.gkl-rijeka.hr\/index.php\/wp-json\/wp\/v2\/tags?post=281"}],"curies":[{"name":"wp","href":"https:\/\/api.w.org\/{rel}","templated":true}]}}