{"id":4044,"date":"2016-10-13T15:30:50","date_gmt":"2016-10-13T13:30:50","guid":{"rendered":"http:\/\/www.gkl-rijeka.hr\/?p=4044"},"modified":"2016-10-13T18:01:11","modified_gmt":"2016-10-13T16:01:11","slug":"kad-lutke-pricaju-price-iz-davnine","status":"publish","type":"post","link":"https:\/\/www.gkl-rijeka.hr\/index.php\/kad-lutke-pricaju-price-iz-davnine\/","title":{"rendered":"Kad lutke pri\u010daju Pri\u010de iz davnine"},"content":{"rendered":"<p>[et_pb_section admin_label=&#8221;section&#8221; fullwidth=&#8221;on&#8221; specialty=&#8221;off&#8221; background_color=&#8221;#2ea3f2&#8243; inner_shadow=&#8221;off&#8221; parallax=&#8221;off&#8221; transparent_background=&#8221;on&#8221; allow_player_pause=&#8221;off&#8221; parallax_method=&#8221;off&#8221; padding_mobile=&#8221;off&#8221; module_id=&#8221;revijaPredstavaGore&#8221; make_fullwidth=&#8221;off&#8221; use_custom_width=&#8221;off&#8221; width_unit=&#8221;on&#8221; make_equal=&#8221;off&#8221; use_custom_gutter=&#8221;off&#8221;][et_pb_fullwidth_header admin_label=&#8221;Fullwidth Header&#8221; title=&#8221;Kad lutke pri\u010daju Pri\u010de iz davnine&#8221; subhead=&#8221;Program obilje\u017eavanja 100 godina prvog izdanja Pri\u010da iz davnine Ivane Brli\u0107 Ma\u017eurani\u0107&#8221; background_layout=&#8221;dark&#8221; text_orientation=&#8221;left&#8221; header_fullscreen=&#8221;on&#8221; header_scroll_down=&#8221;on&#8221; parallax=&#8221;on&#8221; parallax_method=&#8221;off&#8221; content_orientation=&#8221;center&#8221; image_orientation=&#8221;center&#8221; custom_button_one=&#8221;off&#8221; button_one_letter_spacing=&#8221;0&#8243; button_one_use_icon=&#8221;default&#8221; button_one_icon_placement=&#8221;right&#8221; button_one_on_hover=&#8221;on&#8221; button_one_letter_spacing_hover=&#8221;0&#8243; custom_button_two=&#8221;off&#8221; button_two_letter_spacing=&#8221;0&#8243; button_two_use_icon=&#8221;default&#8221; button_two_icon_placement=&#8221;right&#8221; button_two_on_hover=&#8221;on&#8221; button_two_letter_spacing_hover=&#8221;0&#8243; scroll_down_icon=&#8221;%%9%%&#8221; background_url=&#8221;http:\/\/www.gkl-rijeka.hr\/wp-content\/uploads\/2008\/01\/SUMA_STRIBOROVA04.jpg&#8221; title_font=&#8221;Poiret One||||&#8221; title_font_color=&#8221;#00aeef&#8221; title_font_size=&#8221;80&#8243; subhead_font=&#8221;Poiret One||||&#8221; subhead_font_color=&#8221;#00aeef&#8221; subhead_font_size=&#8221;36px&#8221; scroll_down_icon_color=&#8221;#00aeef&#8221;] [\/et_pb_fullwidth_header][\/et_pb_section][et_pb_section admin_label=&#8221;section&#8221; fullwidth=&#8221;off&#8221; specialty=&#8221;on&#8221; transparent_background=&#8221;on&#8221; allow_player_pause=&#8221;off&#8221; inner_shadow=&#8221;off&#8221; parallax=&#8221;off&#8221; parallax_method=&#8221;off&#8221; padding_mobile=&#8221;off&#8221; module_id=&#8221;revijaPredstavaDole&#8221; make_fullwidth=&#8221;off&#8221; use_custom_width=&#8221;off&#8221; width_unit=&#8221;on&#8221; make_equal=&#8221;off&#8221; use_custom_gutter=&#8221;off&#8221; background_color_2=&#8221;#ffffff&#8221;][et_pb_column type=&#8221;1_4&#8243;][et_pb_sidebar admin_label=&#8221;Sidebar&#8221; orientation=&#8221;left&#8221; area=&#8221;cs-3&#8243; background_layout=&#8221;light&#8221; remove_border=&#8221;off&#8221;] [\/et_pb_sidebar][\/et_pb_column][et_pb_column type=&#8221;1_2&#8243; specialty_columns=&#8221;2&#8243;][et_pb_row_inner admin_label=&#8221;row_inner&#8221; custom_padding=&#8221;|0px&#8221; padding_mobile=&#8221;off&#8221; use_custom_gutter=&#8221;off&#8221; column_padding_mobile=&#8221;on&#8221; make_equal=&#8221;off&#8221;][et_pb_column_inner type=&#8221;1_2&#8243; saved_specialty_column_type=&#8221;1_2&#8243;][et_pb_text admin_label=&#8221;u izvedbi, uzrast i trajanje&#8221; background_layout=&#8221;light&#8221; text_orientation=&#8221;left&#8221; use_border_color=&#8221;off&#8221; border_color=&#8221;#ffffff&#8221; border_style=&#8221;solid&#8221;]<\/p>\n<h4>\u010cetvrtak, 3. studenog<\/h4>\n<p>9:30, 11:00 i 18:00; GKL Rijeka<br \/>\nIvana Brli\u0107 Ma\u017eurani\u0107<br \/>\n<span style=\"color: #ff00ff;\"><strong>\u0160UMA STRIBOROVA<\/strong><\/span><br \/>\nlutkarska predstava u izvedbi Gradskog kazali\u0161ta lutaka Rijeka<br \/>\ntrajanje 40 min.; uzrast 5+<\/p>\n<p>12:00; GKL Rijeka<br \/>\n<strong><span style=\"color: #ff00ff;\">Pri\u010de iz davnine Ivane Brli\u0107-Ma\u017eurani\u0107 na pozornici Gradskog kazali\u0161ta lutaka Rijeka<\/span><\/strong><br \/>\n<strong><span style=\"color: #ff00ff;\"> stru\u010dno predavanje za studente, u\u010ditelje, odgojitelje&#8230;<\/span><\/strong><br \/>\npredava\u010dica: doc. dr. sc. Maja Verdonik<\/p>\n<h4>Petak, 4. studenog<\/h4>\n<p>9,30; GKL Rijeka<br \/>\nIvana Brli\u0107 Ma\u017eurani\u0107<br \/>\n<strong><span style=\"color: #ff00ff;\">\u0160UMA STRIBOROVA<\/span><\/strong><br \/>\nlutkarska predstava u izvedbi Gradskog kazali\u0161ta lutaka Rijeka<br \/>\ntrajanje 40 min.; uzrast 5+<\/p>\n<p>[\/et_pb_text][\/et_pb_column_inner][et_pb_column_inner type=&#8221;1_2&#8243; saved_specialty_column_type=&#8221;1_2&#8243;][et_pb_text admin_label=&#8221;Raspored izvedbi&#8221; background_layout=&#8221;light&#8221; text_orientation=&#8221;left&#8221; use_border_color=&#8221;off&#8221; border_color=&#8221;#ffffff&#8221; border_style=&#8221;solid&#8221;]<\/p>\n<h4>Petak, 4. studenog<\/h4>\n<p>10:30; Mini Art-kino<br \/>\n<strong><span style=\"color: #ff00ff;\">\u0160UMA STRIBOROVA<\/span><\/strong>, animirani film<br \/>\ntrajanje 16 min.; uzrast 5+<\/p>\n<p>11:00; Gradska knji\u017enica Rijeka, Dje\u010dji odjel Stribor<br \/>\n<strong><span style=\"color: #ff00ff;\">Svaro\u017ei\u0107u, Bjesomaru&#8230;<\/span><\/strong> , kviz \u2013 igra za djecu<br \/>\ntrajanje 60 minuta; uzrast 10+<\/p>\n<h4>Subota, 5. studenog<\/h4>\n<p>16:00 Art-kino Croatia<br \/>\nprojekcija animiranih filmova Pri\u010de iz davnine<br \/>\n<span style=\"color: #ff00ff;\"><strong>\u0160uma Striborova\u00a0<\/strong><\/span>(16 min.)<br \/>\n<span style=\"color: #ff00ff;\"><strong>Neva\u00a0<\/strong><\/span>(11 min.)<br \/>\n<span style=\"color: #ff00ff;\"><strong>Rego\u010d\u00a0<\/strong><\/span>(24 min.)<br \/>\n<span style=\"color: #ff00ff;\"><strong>Kako je Potjeh tra\u017eio istinu<\/strong><\/span> (15 min.)<br \/>\n<span style=\"color: #ff00ff;\"><strong>Ribar Palunko i njegova \u017eena<\/strong><\/span> (17. min)<br \/>\n<span style=\"color: #ff00ff;\"><strong>Jagor\u00a0<\/strong><\/span>(24 min.)<\/p>\n<p>[\/et_pb_text][\/et_pb_column_inner][\/et_pb_row_inner][et_pb_row_inner admin_label=&#8221;row_inner&#8221; custom_padding=&#8221;10px|&#8221; padding_mobile=&#8221;off&#8221; use_custom_gutter=&#8221;off&#8221; column_padding_mobile=&#8221;on&#8221; make_equal=&#8221;off&#8221; custom_css_main_element=&#8221;border-top: 1px solid #e0cda3;||border-bottom: 1px solid #e0cda3;||margin-top: 30px;&#8221;][et_pb_column_inner type=&#8221;4_4&#8243; saved_specialty_column_type=&#8221;1_2&#8243;][et_pb_text admin_label=&#8221;O predstavi&#8221; background_layout=&#8221;light&#8221; text_orientation=&#8221;left&#8221; use_border_color=&#8221;off&#8221; border_color=&#8221;#ffffff&#8221; border_style=&#8221;solid&#8221; custom_css_main_element=&#8221;h2 {|| margin-top: 10px !important;||}&#8221;]<\/p>\n<p>Pri\u010de iz davnine Ivane Brli\u0107 Ma\u017eurani\u0107 vje\u010dna su inspiracija doma\u0107im i stranim umjetnicima s razli\u010ditih podru\u010dja. Gradsko kazali\u0161te lutaka Rijeka vi\u0161e je puta postavljalo predstave prema njenim pripovijetkama, a prva u produkciji GKL-a bila je \u0160uma Striborova davne 1965. u re\u017eiji Berislava Brajkovi\u0107a. \u0160uma Striborova najpoznatija je pri\u010da iz znamenite zbirke koja ove godine obilje\u017eava sto godina od prvog izdanja. Dakle, prvo je izdanje Pri\u010da iz davnine objavljeno 1916. godine u nakladi Matice hrvatske.<\/p>\n<p>U tom je prvom izdanju bilo \u0161est bajki (Kako je Potjeh tra\u017eio istinu, Ribar Palunko i njegova \u017eena, Rego\u010d, \u0160uma Striborova, Bratac Jaglenac i sestrica Rutvica i Sunce djever i Neva Nevi\u010dica), a ilustrirao ga je Petar Orli\u0107. Zbirka je nastala iz nekoliko poticaja: prvi je od njih Ivanino prou\u010davanje i zanimanje za slavensku mitologiju i folklor, a drugi kr\u0161\u0107anska filozofija. Oba podru\u010dja zanimanja autorice vidljiva su u pri\u010dama pro\u017eetima simbolikom. Pri\u010de iz davnine smatraju se najboljom zbirkom bajki u hrvatskoj knji\u017eevnosti, kako dje\u010djoj, tako i onoj za odrasle.<\/p>\n<p>Lutkarska predstava \u0160uma Striborova premijerno izvedena 2005. u re\u017eiji Laryja Zappije, a u produkciji Gradskog kazali\u0161ta lutaka Rijeka iznimna je predstava koja ve\u0107 vi\u0161e o deset godina zauzima va\u017eno mjesto na redovnom repertoaru GKL-a, a povodom obilje\u017eavanja stogodi\u0161njice Pri\u010da iz davnine dobila je svoje mjesto i na Reviji. Predstava je zasnovana na narativnoj ba\u0161tini i glazbi, sna\u017enoj emociji i \u010daroliji lutkarskog izri\u010daja. Na kazali\u0161nim je daskama neobi\u010dna pri\u010da o \u017ertvovanju, boli i patnji \u0161to mo\u017ee trpjeti jedino maj\u010dinska bezuvjetna ljubav. \u0160uma Striborova, vizualno vrlo za\u010dudna i intrigantna predstava, vi\u0161estruko je nagra\u0111ivana u zemlji i inozemstvu te publici pru\u017ea uvid u jo\u0161 jedan segment lutkarstva \u2013 teatar predmeta.<\/p>\n<p>Sve\u010danom izvedbom \u0160ume Striborove ispratit \u0107emo dugogodi\u0161njega glumca-lutkara i prvaka Kazali\u0161ta An\u0111elka Somborskog u mirovinu te glumicu-lutkaricu Bo\u017eenu Dela\u0161, nagra\u0111enu Nagradom hrvatskoga glumi\u0161ta za ulogu Majke u ovoj predstavi, koja nakon vi\u0161e od 20 godina rada u GKL-u odlazi iz Rijeke. Za sve njihove divne uloge, predanost Kazali\u0161tu i lutkarstvu neizmjerno smo im zahvalni! Uz An\u0111elka Somborskog i Bo\u017eenu Dela\u0161, u predstavi sudjeluju Zlatko Vici\u0107 i Andrea \u0160pindel, scenografiju potpisuje Dalibor Laginja, a glazbu Du\u0161ko Rapotec Ute.<\/p>\n<p>Predavanje doc. dr. sc. Maje Verdonik bavit \u0107e se pitanjem jesu li Pri\u010de iz davnine Ivane Brli\u0107-Ma\u017eurani\u0107 kao knji\u017eevni predlo\u0161ci prikladne za lutkarski scenski izraz. Analizirat \u0107e se interpretacije vi\u0161e autora, uprizorenja triju pri\u010da izvedenih na sceni Gradskog kazali\u0161ta lutaka Rijeka izme\u0111u 1965. i 2005. godine, a uo\u010dena obilje\u017eja Pri\u010da iz davnine promatraju se s knji\u017eevnoznanstvenog kao i s polazi\u0161ta teorije lutkarstva. Uz Gradsku knji\u017enicu Rijeka te GKL Rijeka kao mjesto odr\u017eavanja, suorganizatori predavanja su Centar za istra\u017eivanje djetinjstva i U\u010diteljski fakultet u Rijeci.<\/p>\n<p>\u0160umu Striborovu, kao i druge naslove Pri\u010da iz davnine, mo\u017eete vidjeti i u animiranom obliku putem nagra\u0111ivanog multimedijskog projekta Pri\u010de iz davnine nastalog u produkciji Bulaja naklade. Urednica Helena Bulaja okupila je poznate animatore i druge umjetnike iz cijelog svijeta. Rezultat je bio iznena\u0111uju\u0107a avantura jer su umjetnici iz razli\u010ditih zemalja, kojima ta zbirka i hrvatska kultura uglavnom uop\u0107e nisu bili poznati, i koji se nisu me\u0111usobno poznavali, na potpuno nov na\u010din interpretirali ove prekrasne pri\u010de! Crti\u0107i iz projekta predstavljeni su ili nagra\u0111eni na preko trideset me\u0111unarodnih\u00a0festivala animacije i novih medija, te su pored ostaloga nagra\u0111eni i \u201cOscarom multimedije\u201d (nagrada na festivalu FlashForward, San Francisco), a \u201c\u0160uma Striborova\u201d uvr\u0161tena je u program najva\u017enijeg svjetskog festivala animacije, onog u francuskom Annecyju.<\/p>\n<p>Jo\u0161 jedan zanimljiv i interaktivni doga\u0111aj za djecu u okviru ovog programa odr\u017eat \u0107e se u Gradskoj knji\u017enici Rijeka, a radi se o igri tj. kvizu za djecu. Igraju\u0107i se motivima, ilustracijama i rije\u010dima Pri\u010da iz davnina, djeci se na zanimljiv i privla\u010dan na\u010din nastoji pribli\u017eiti fantasti\u010dni svijet ma\u0161te Ivane Brli\u0107-Ma\u017eurani\u0107. Za ovu avanturu nije potrebno prethodno predznanje, igrama se ne propituje pam\u0107enje, djecu se nastoji potaknuti na \u010ditanje Pri\u010da. Kako? Bje\u017ee\u0107i od Bjesomara, zazivaju\u0107i Svaro\u017ei\u0107a, ljube\u0107i Nevu Nevi\u010dicu, \u0161kakljaju\u0107i Kosjenku zad uha Rego\u010deva, \u0161kilje\u0107i u Sunce djevera, tr\u010de\u0107i kroz \u0160umu\u00a0Striborovu&#8230; zajedno s Potjehom, Rego\u010dem, Jagorom, Doma\u0107ima, Ljuti\u0161om, Ribarom Palunkom (i njegovom \u017eenom!), Lutonjicom Toporkom i svih devet \u017eupan\u010di\u0107a potra\u017eit \u0107emo istinu u Pri\u010dama iz davnine igraju\u0107i se la\u017eima i neistinom. Do suza zabavno!<\/p>\n<p>[\/et_pb_text][\/et_pb_column_inner][\/et_pb_row_inner][et_pb_row_inner admin_label=&#8221;row_inner&#8221; custom_padding=&#8221;|0px&#8221; padding_mobile=&#8221;off&#8221; use_custom_gutter=&#8221;off&#8221; column_padding_mobile=&#8221;on&#8221; make_equal=&#8221;off&#8221;][et_pb_column_inner type=&#8221;4_4&#8243; saved_specialty_column_type=&#8221;1_2&#8243;][et_pb_text admin_label=&#8221;Sudjeluju&#8221; background_layout=&#8221;light&#8221; text_orientation=&#8221;left&#8221; use_border_color=&#8221;off&#8221; border_color=&#8221;#ffffff&#8221; border_style=&#8221;solid&#8221;]<\/p>\n<p>Program obilje\u017eavanja stogodi\u0161njice izdanja Pri\u010da iz davnine ostvaren je u suradnji<br \/>\nGradske knji\u017enice Rijeka, Art-kina Croatie i Gradskog kazali\u0161ta lutaka Rijeka.<\/p>\n<p>[\/et_pb_text][\/et_pb_column_inner][\/et_pb_row_inner][\/et_pb_column][et_pb_column type=&#8221;1_4&#8243;][et_pb_sidebar admin_label=&#8221;Sidebar&#8221; orientation=&#8221;right&#8221; area=&#8221;cs-4&#8243; background_layout=&#8221;light&#8221; remove_border=&#8221;off&#8221;] [\/et_pb_sidebar][\/et_pb_column][\/et_pb_section]<\/p>\n","protected":false},"excerpt":{"rendered":"<p>[et_pb_section admin_label=&#8221;section&#8221; fullwidth=&#8221;on&#8221; specialty=&#8221;off&#8221; background_color=&#8221;#2ea3f2&#8243; inner_shadow=&#8221;off&#8221; parallax=&#8221;off&#8221; transparent_background=&#8221;on&#8221; allow_player_pause=&#8221;off&#8221; parallax_method=&#8221;off&#8221; padding_mobile=&#8221;off&#8221; module_id=&#8221;revijaPredstavaGore&#8221; make_fullwidth=&#8221;off&#8221; use_custom_width=&#8221;off&#8221; width_unit=&#8221;on&#8221; make_equal=&#8221;off&#8221; use_custom_gutter=&#8221;off&#8221;][et_pb_fullwidth_header admin_label=&#8221;Fullwidth Header&#8221; title=&#8221;Kad lutke pri\u010daju Pri\u010de iz davnine&#8221; subhead=&#8221;Program obilje\u017eavanja 100 godina prvog izdanja Pri\u010da iz davnine Ivane Brli\u0107 Ma\u017eurani\u0107&#8221; background_layout=&#8221;dark&#8221; text_orientation=&#8221;left&#8221; header_fullscreen=&#8221;on&#8221; header_scroll_down=&#8221;on&#8221; parallax=&#8221;on&#8221; parallax_method=&#8221;off&#8221; content_orientation=&#8221;center&#8221; image_orientation=&#8221;center&#8221; custom_button_one=&#8221;off&#8221; button_one_letter_spacing=&#8221;0&#8243; button_one_use_icon=&#8221;default&#8221; button_one_icon_placement=&#8221;right&#8221; button_one_on_hover=&#8221;on&#8221; button_one_letter_spacing_hover=&#8221;0&#8243; custom_button_two=&#8221;off&#8221; button_two_letter_spacing=&#8221;0&#8243; button_two_use_icon=&#8221;default&#8221; button_two_icon_placement=&#8221;right&#8221; [&hellip;]<\/p>\n","protected":false},"author":1,"featured_media":2891,"comment_status":"closed","ping_status":"closed","sticky":false,"template":"","format":"standard","meta":{"spay_email":""},"categories":[30,31],"tags":[],"jetpack_featured_media_url":"https:\/\/www.gkl-rijeka.hr\/wp-content\/uploads\/2008\/01\/SUMA_STRIBOROVA04.jpg?wsr","yoast_head":"<!-- This site is optimized with the Yoast SEO plugin v15.1.1 - https:\/\/yoast.com\/wordpress\/plugins\/seo\/ -->\n<meta name=\"robots\" content=\"index, follow, max-snippet:-1, max-image-preview:large, max-video-preview:-1\" \/>\n<link rel=\"canonical\" href=\"https:\/\/www.gkl-rijeka.hr\/index.php\/kad-lutke-pricaju-price-iz-davnine\/\" \/>\n<meta property=\"og:locale\" content=\"en_US\" \/>\n<meta property=\"og:type\" content=\"article\" \/>\n<meta property=\"og:title\" content=\"Kad lutke pri\u010daju Pri\u010de iz davnine - Gradsko kazali\u0161te lutaka Rijeka\" \/>\n<meta property=\"og:description\" content=\"[et_pb_section admin_label=&#8221;section&#8221; fullwidth=&#8221;on&#8221; specialty=&#8221;off&#8221; background_color=&#8221;#2ea3f2&#8243; inner_shadow=&#8221;off&#8221; parallax=&#8221;off&#8221; transparent_background=&#8221;on&#8221; allow_player_pause=&#8221;off&#8221; parallax_method=&#8221;off&#8221; padding_mobile=&#8221;off&#8221; module_id=&#8221;revijaPredstavaGore&#8221; make_fullwidth=&#8221;off&#8221; use_custom_width=&#8221;off&#8221; width_unit=&#8221;on&#8221; make_equal=&#8221;off&#8221; use_custom_gutter=&#8221;off&#8221;][et_pb_fullwidth_header admin_label=&#8221;Fullwidth Header&#8221; title=&#8221;Kad lutke pri\u010daju Pri\u010de iz davnine&#8221; subhead=&#8221;Program obilje\u017eavanja 100 godina prvog izdanja Pri\u010da iz davnine Ivane Brli\u0107 Ma\u017eurani\u0107&#8221; background_layout=&#8221;dark&#8221; text_orientation=&#8221;left&#8221; header_fullscreen=&#8221;on&#8221; header_scroll_down=&#8221;on&#8221; parallax=&#8221;on&#8221; parallax_method=&#8221;off&#8221; content_orientation=&#8221;center&#8221; image_orientation=&#8221;center&#8221; custom_button_one=&#8221;off&#8221; button_one_letter_spacing=&#8221;0&#8243; button_one_use_icon=&#8221;default&#8221; button_one_icon_placement=&#8221;right&#8221; button_one_on_hover=&#8221;on&#8221; button_one_letter_spacing_hover=&#8221;0&#8243; custom_button_two=&#8221;off&#8221; button_two_letter_spacing=&#8221;0&#8243; button_two_use_icon=&#8221;default&#8221; button_two_icon_placement=&#8221;right&#8221; [&hellip;]\" \/>\n<meta property=\"og:url\" content=\"https:\/\/www.gkl-rijeka.hr\/index.php\/kad-lutke-pricaju-price-iz-davnine\/\" \/>\n<meta property=\"og:site_name\" content=\"Gradsko kazali\u0161te lutaka Rijeka\" \/>\n<meta property=\"article:publisher\" content=\"https:\/\/www.facebook.com\/gkl.rijeka\" \/>\n<meta property=\"article:published_time\" content=\"2016-10-13T13:30:50+00:00\" \/>\n<meta property=\"article:modified_time\" content=\"2016-10-13T16:01:11+00:00\" \/>\n<meta property=\"og:image\" content=\"https:\/\/www.gkl-rijeka.hr\/wp-content\/uploads\/2008\/01\/SUMA_STRIBOROVA04.jpg?wsr\" \/>\n\t<meta property=\"og:image:width\" content=\"1165\" \/>\n\t<meta property=\"og:image:height\" content=\"800\" \/>\n<meta property=\"fb:app_id\" content=\"368762594246882\" \/>\n<meta name=\"twitter:card\" content=\"summary\" \/>\n<script type=\"application\/ld+json\" class=\"yoast-schema-graph\">{\"@context\":\"https:\/\/schema.org\",\"@graph\":[{\"@type\":\"Organization\",\"@id\":\"https:\/\/www.gkl-rijeka.hr\/#organization\",\"name\":\"Gradsko kazali\\u0161te lutaka Rijeka\",\"url\":\"https:\/\/www.gkl-rijeka.hr\/\",\"sameAs\":[\"https:\/\/www.facebook.com\/gkl.rijeka\"],\"logo\":{\"@type\":\"ImageObject\",\"@id\":\"https:\/\/www.gkl-rijeka.hr\/#logo\",\"inLanguage\":\"en-US\",\"url\":\"https:\/\/www.gkl-rijeka.hr\/wp-content\/uploads\/2020\/10\/logo_boja_01.png?wsr\",\"width\":209,\"height\":280,\"caption\":\"Gradsko kazali\\u0161te lutaka Rijeka\"},\"image\":{\"@id\":\"https:\/\/www.gkl-rijeka.hr\/#logo\"}},{\"@type\":\"WebSite\",\"@id\":\"https:\/\/www.gkl-rijeka.hr\/#website\",\"url\":\"https:\/\/www.gkl-rijeka.hr\/\",\"name\":\"Gradsko kazali\\u0161te lutaka Rijeka\",\"description\":\"\",\"publisher\":{\"@id\":\"https:\/\/www.gkl-rijeka.hr\/#organization\"},\"potentialAction\":[{\"@type\":\"SearchAction\",\"target\":\"https:\/\/www.gkl-rijeka.hr\/?s={search_term_string}\",\"query-input\":\"required name=search_term_string\"}],\"inLanguage\":\"en-US\"},{\"@type\":\"ImageObject\",\"@id\":\"https:\/\/www.gkl-rijeka.hr\/index.php\/kad-lutke-pricaju-price-iz-davnine\/#primaryimage\",\"inLanguage\":\"en-US\",\"url\":\"https:\/\/www.gkl-rijeka.hr\/wp-content\/uploads\/2008\/01\/SUMA_STRIBOROVA04.jpg?wsr\",\"width\":1165,\"height\":800},{\"@type\":\"WebPage\",\"@id\":\"https:\/\/www.gkl-rijeka.hr\/index.php\/kad-lutke-pricaju-price-iz-davnine\/#webpage\",\"url\":\"https:\/\/www.gkl-rijeka.hr\/index.php\/kad-lutke-pricaju-price-iz-davnine\/\",\"name\":\"Kad lutke pri\\u010daju Pri\\u010de iz davnine - Gradsko kazali\\u0161te lutaka Rijeka\",\"isPartOf\":{\"@id\":\"https:\/\/www.gkl-rijeka.hr\/#website\"},\"primaryImageOfPage\":{\"@id\":\"https:\/\/www.gkl-rijeka.hr\/index.php\/kad-lutke-pricaju-price-iz-davnine\/#primaryimage\"},\"datePublished\":\"2016-10-13T13:30:50+00:00\",\"dateModified\":\"2016-10-13T16:01:11+00:00\",\"inLanguage\":\"en-US\",\"potentialAction\":[{\"@type\":\"ReadAction\",\"target\":[\"https:\/\/www.gkl-rijeka.hr\/index.php\/kad-lutke-pricaju-price-iz-davnine\/\"]}]},{\"@type\":\"Article\",\"@id\":\"https:\/\/www.gkl-rijeka.hr\/index.php\/kad-lutke-pricaju-price-iz-davnine\/#article\",\"isPartOf\":{\"@id\":\"https:\/\/www.gkl-rijeka.hr\/index.php\/kad-lutke-pricaju-price-iz-davnine\/#webpage\"},\"author\":{\"@id\":\"https:\/\/www.gkl-rijeka.hr\/#\/schema\/person\/3d9f7620db983ddf36e45ccae28c8651\"},\"headline\":\"Kad lutke pri\\u010daju Pri\\u010de iz davnine\",\"datePublished\":\"2016-10-13T13:30:50+00:00\",\"dateModified\":\"2016-10-13T16:01:11+00:00\",\"mainEntityOfPage\":{\"@id\":\"https:\/\/www.gkl-rijeka.hr\/index.php\/kad-lutke-pricaju-price-iz-davnine\/#webpage\"},\"publisher\":{\"@id\":\"https:\/\/www.gkl-rijeka.hr\/#organization\"},\"image\":{\"@id\":\"https:\/\/www.gkl-rijeka.hr\/index.php\/kad-lutke-pricaju-price-iz-davnine\/#primaryimage\"},\"articleSection\":\"Revija,Revija - Predstave\",\"inLanguage\":\"en-US\"},{\"@type\":\"Person\",\"@id\":\"https:\/\/www.gkl-rijeka.hr\/#\/schema\/person\/3d9f7620db983ddf36e45ccae28c8651\",\"name\":\"Marin\",\"image\":{\"@type\":\"ImageObject\",\"@id\":\"https:\/\/www.gkl-rijeka.hr\/#personlogo\",\"inLanguage\":\"en-US\",\"url\":\"https:\/\/secure.gravatar.com\/avatar\/9ba8e90e29bf7b5691a75673ed86bcba?s=96&d=mm&r=g\",\"caption\":\"Marin\"}}]}<\/script>\n<!-- \/ Yoast SEO plugin. -->","_links":{"self":[{"href":"https:\/\/www.gkl-rijeka.hr\/index.php\/wp-json\/wp\/v2\/posts\/4044"}],"collection":[{"href":"https:\/\/www.gkl-rijeka.hr\/index.php\/wp-json\/wp\/v2\/posts"}],"about":[{"href":"https:\/\/www.gkl-rijeka.hr\/index.php\/wp-json\/wp\/v2\/types\/post"}],"author":[{"embeddable":true,"href":"https:\/\/www.gkl-rijeka.hr\/index.php\/wp-json\/wp\/v2\/users\/1"}],"replies":[{"embeddable":true,"href":"https:\/\/www.gkl-rijeka.hr\/index.php\/wp-json\/wp\/v2\/comments?post=4044"}],"version-history":[{"count":7,"href":"https:\/\/www.gkl-rijeka.hr\/index.php\/wp-json\/wp\/v2\/posts\/4044\/revisions"}],"predecessor-version":[{"id":4121,"href":"https:\/\/www.gkl-rijeka.hr\/index.php\/wp-json\/wp\/v2\/posts\/4044\/revisions\/4121"}],"wp:featuredmedia":[{"embeddable":true,"href":"https:\/\/www.gkl-rijeka.hr\/index.php\/wp-json\/wp\/v2\/media\/2891"}],"wp:attachment":[{"href":"https:\/\/www.gkl-rijeka.hr\/index.php\/wp-json\/wp\/v2\/media?parent=4044"}],"wp:term":[{"taxonomy":"category","embeddable":true,"href":"https:\/\/www.gkl-rijeka.hr\/index.php\/wp-json\/wp\/v2\/categories?post=4044"},{"taxonomy":"post_tag","embeddable":true,"href":"https:\/\/www.gkl-rijeka.hr\/index.php\/wp-json\/wp\/v2\/tags?post=4044"}],"curies":[{"name":"wp","href":"https:\/\/api.w.org\/{rel}","templated":true}]}}