{"id":510,"date":"2010-09-16T13:52:58","date_gmt":"2010-09-16T12:52:58","guid":{"rendered":"http:\/\/www.gkl-rijeka.hr\/wp\/?p=510"},"modified":"2010-09-16T13:52:58","modified_gmt":"2010-09-16T12:52:58","slug":"premijera-gulliver-u-zemlji-malih-ljudi","status":"publish","type":"post","link":"https:\/\/www.gkl-rijeka.hr\/index.php\/premijera-gulliver-u-zemlji-malih-ljudi\/","title":{"rendered":"PREMIJERA: GULLIVER u zemlji malih ljudi"},"content":{"rendered":"<p><img loading=\"lazy\" src=\"http:\/\/www.gkl-rijeka.hr\/wp\/wp-content\/uploads\/2010\/04\/guliver_00.jpg\" alt=\"guliver_00\" width=\"100\" height=\"100\" align=\"right\" \/><\/p>\n<h3><strong>Autorski projekt Sa\u0161e Ano\u010di\u0107a (po ideji J. Swifta)<\/strong><\/h3>\n<p>za pred\u0161kolski i \u0161kolski uzrast<br \/>\n<!--more--><\/p>\n<blockquote><p>Autorska ekipa:<\/p>\n<p>Redatelj: <strong>Sa\u0161a Ano\u010di\u0107<\/strong><br \/>\nIdejno rje\u0161enje lutaka i scenografije: <strong>Sa\u0161a Ano\u010di\u0107 i Lu\u010di Vidanovi\u0107<\/strong><br \/>\nIzbor i autor glazbe: <strong>Sa\u0161a Ano\u010di\u0107 i Matija Antoli\u0107<\/strong><br \/>\nOblikovanje rasvjete: <strong>Damir Babi\u0107 i <\/strong><strong>Sa\u0161a Ano\u010di\u0107<\/strong><br \/>\nPokret i koreografija: <strong>Sa\u0161a Ano\u010di\u0107, Matija Antoli\u0107 i gluma\u010dka ekipa<\/strong><\/p><\/blockquote>\n<blockquote><p>U predstavi sudjeluju i vrlo lijepo pjevaju:<\/p>\n<p><strong>Alex \u0110akovi\u0107<br \/>\nDavid Petrovi\u0107<br \/>\nZlatko Vici\u0107<br \/>\nGoran Guksi\u0107<br \/>\nDina \u0110uka<br \/>\nSer\u0111o Dla\u010di\u0107 (uglavnom pjeva)<\/strong><\/p><\/blockquote>\n<p>Gradsko kazali\u0161te lutaka Rijeka otvara svoja vrata s novim premijernim naslovom i to pri\u010dom o moreplovcu Gulliveru i jednoj od njegovih pustolovina. On nam pri\u010da svoju \u017eivotnu pri\u010du. Otisnuo se na putovanja u svojstvu ranarnika (doktora) brodom &#8220;Antelope&#8221; koji je do\u017eivio tragi\u010dnu sudbinu. Gulliver je jedini pre\u017eivio i na\u0161ao se na nepoznatom &#8220;negostoljubivom&#8221; otoku. Na po\u010detku je mislio da je sam. No ubrzo se pokazalo da nije tako. Naime, na tom otoku \u017eive mali ljudi&#8230;<\/p>\n<p>Sa\u0161a Ano\u010di\u0107 i njegova autorska i gluma\u010dka ekipa spremili su nam slojevitu pri\u010du koja na zabavan i domi\u0161ljat na\u010din pri\u010da pri\u010du i o na\u0161em svijetu. Prema rije\u010dima autora i redatelja, predstava ima dvije razine \u2013 u isto vrijeme trebali bi u\u017eivati kako djeca, tako i odrasli, a ujedno i djeca u odraslima koja, vjerujemo, jo\u0161 uvijek \u010du\u010de u odraslim tijelima i nekad jedva \u010dekaju da izi\u0111u van.<\/p>\n<p><a href=\"http:\/\/www.gkl-rijeka.hr\/wp\/wp-content\/uploads\/2010\/04\/_dsc8538.jpg\"><img src=\"http:\/\/www.gkl-rijeka.hr\/wp\/wp-content\/uploads\/2010\/04\/_dsc8538.thumb.jpg\" alt=\"\" \/><\/a> <a href=\"http:\/\/www.gkl-rijeka.hr\/wp\/wp-content\/uploads\/2010\/04\/_dsc8546.jpg\"><img src=\"http:\/\/www.gkl-rijeka.hr\/wp\/wp-content\/uploads\/2010\/04\/_dsc8546.thumb.jpg\" alt=\"\" \/><\/a> <a href=\"http:\/\/www.gkl-rijeka.hr\/wp\/wp-content\/uploads\/2010\/04\/_dsc8551.jpg\"><img src=\"http:\/\/www.gkl-rijeka.hr\/wp\/wp-content\/uploads\/2010\/04\/_dsc8551.thumb.jpg\" alt=\"\" \/><\/a> <a href=\"http:\/\/www.gkl-rijeka.hr\/wp\/wp-content\/uploads\/2010\/04\/_dsc8556.jpg\"><img src=\"http:\/\/www.gkl-rijeka.hr\/wp\/wp-content\/uploads\/2010\/04\/_dsc8556.thumb.jpg\" alt=\"\" \/><\/a> <a href=\"http:\/\/www.gkl-rijeka.hr\/wp\/wp-content\/uploads\/2010\/04\/_dsc8574.jpg\"><img src=\"http:\/\/www.gkl-rijeka.hr\/wp\/wp-content\/uploads\/2010\/04\/_dsc8574.thumb.jpg\" alt=\"\" \/><\/a> <a href=\"http:\/\/www.gkl-rijeka.hr\/wp\/wp-content\/uploads\/2010\/04\/_dsc8576.jpg\"><img src=\"http:\/\/www.gkl-rijeka.hr\/wp\/wp-content\/uploads\/2010\/04\/_dsc8576.thumb.jpg\" alt=\"\" \/><\/a> <a href=\"http:\/\/www.gkl-rijeka.hr\/wp\/wp-content\/uploads\/2010\/04\/_dsc8579.jpg\"><img src=\"http:\/\/www.gkl-rijeka.hr\/wp\/wp-content\/uploads\/2010\/04\/_dsc8579.thumb.jpg\" alt=\"\" \/><\/a> <a href=\"http:\/\/www.gkl-rijeka.hr\/wp\/wp-content\/uploads\/2010\/04\/_dsc8590.jpg\"><img src=\"http:\/\/www.gkl-rijeka.hr\/wp\/wp-content\/uploads\/2010\/04\/_dsc8590.thumb.jpg\" alt=\"\" \/><\/a> <a href=\"http:\/\/www.gkl-rijeka.hr\/wp\/wp-content\/uploads\/2010\/04\/_dsc8593.jpg\"><img src=\"http:\/\/www.gkl-rijeka.hr\/wp\/wp-content\/uploads\/2010\/04\/_dsc8593.thumb.jpg\" alt=\"\" \/><\/a> <a href=\"http:\/\/www.gkl-rijeka.hr\/wp\/wp-content\/uploads\/2010\/04\/_dsc8612.jpg\"><img src=\"http:\/\/www.gkl-rijeka.hr\/wp\/wp-content\/uploads\/2010\/04\/_dsc8612.thumb.jpg\" alt=\"\" \/><\/a> <a href=\"http:\/\/www.gkl-rijeka.hr\/wp\/wp-content\/uploads\/2010\/04\/_dsc8620.jpg\"><img src=\"http:\/\/www.gkl-rijeka.hr\/wp\/wp-content\/uploads\/2010\/04\/_dsc8620.thumb.jpg\" alt=\"\" \/><\/a> <a href=\"http:\/\/www.gkl-rijeka.hr\/wp\/wp-content\/uploads\/2010\/04\/_dsc8625.jpg\"><img src=\"http:\/\/www.gkl-rijeka.hr\/wp\/wp-content\/uploads\/2010\/04\/_dsc8625.thumb.jpg\" alt=\"\" \/><\/a> <a href=\"http:\/\/www.gkl-rijeka.hr\/wp\/wp-content\/uploads\/2010\/04\/_dsc8628.jpg\"><img src=\"http:\/\/www.gkl-rijeka.hr\/wp\/wp-content\/uploads\/2010\/04\/_dsc8628.thumb.jpg\" alt=\"\" \/><\/a> <a href=\"http:\/\/www.gkl-rijeka.hr\/wp\/wp-content\/uploads\/2010\/04\/_dsc8629.jpg\"><img src=\"http:\/\/www.gkl-rijeka.hr\/wp\/wp-content\/uploads\/2010\/04\/_dsc8629.thumb.jpg\" alt=\"\" \/><\/a> <a href=\"http:\/\/www.gkl-rijeka.hr\/wp\/wp-content\/uploads\/2010\/04\/_dsc8634.jpg\"><img src=\"http:\/\/www.gkl-rijeka.hr\/wp\/wp-content\/uploads\/2010\/04\/_dsc8634.thumb.jpg\" alt=\"\" \/><\/a> <a href=\"http:\/\/www.gkl-rijeka.hr\/wp\/wp-content\/uploads\/2010\/04\/_dsc8639.jpg\"><img src=\"http:\/\/www.gkl-rijeka.hr\/wp\/wp-content\/uploads\/2010\/04\/_dsc8639.thumb.jpg\" alt=\"\" \/><\/a> <a href=\"http:\/\/www.gkl-rijeka.hr\/wp\/wp-content\/uploads\/2010\/04\/_dsc8644.jpg\"><img src=\"http:\/\/www.gkl-rijeka.hr\/wp\/wp-content\/uploads\/2010\/04\/_dsc8644.thumb.jpg\" alt=\"\" \/><\/a> <a href=\"http:\/\/www.gkl-rijeka.hr\/wp\/wp-content\/uploads\/2010\/04\/_dsc8649.jpg\"><img src=\"http:\/\/www.gkl-rijeka.hr\/wp\/wp-content\/uploads\/2010\/04\/_dsc8649.thumb.jpg\" alt=\"\" \/><\/a> <a href=\"http:\/\/www.gkl-rijeka.hr\/wp\/wp-content\/uploads\/2010\/04\/_dsc8651.jpg\"><img src=\"http:\/\/www.gkl-rijeka.hr\/wp\/wp-content\/uploads\/2010\/04\/_dsc8651.thumb.jpg\" alt=\"\" \/><\/a> <a href=\"http:\/\/www.gkl-rijeka.hr\/wp\/wp-content\/uploads\/2010\/04\/_dsc8662.jpg\"><img src=\"http:\/\/www.gkl-rijeka.hr\/wp\/wp-content\/uploads\/2010\/04\/_dsc8662.thumb.jpg\" alt=\"\" \/><\/a><\/p>\n","protected":false},"excerpt":{"rendered":"<p>Autorski projekt Sa\u0161e Ano\u010di\u0107a (po ideji J. Swifta) za pred\u0161kolski i \u0161kolski uzrast<\/p>\n","protected":false},"author":1,"featured_media":0,"comment_status":"closed","ping_status":"closed","sticky":false,"template":"","format":"standard","meta":{"spay_email":""},"categories":[4,6],"tags":[],"jetpack_featured_media_url":"","yoast_head":"<!-- This site is optimized with the Yoast SEO plugin v15.1.1 - https:\/\/yoast.com\/wordpress\/plugins\/seo\/ -->\n<meta name=\"robots\" content=\"index, follow, max-snippet:-1, max-image-preview:large, max-video-preview:-1\" \/>\n<link rel=\"canonical\" href=\"https:\/\/www.gkl-rijeka.hr\/index.php\/premijera-gulliver-u-zemlji-malih-ljudi\/\" \/>\n<meta property=\"og:locale\" content=\"en_US\" \/>\n<meta property=\"og:type\" content=\"article\" \/>\n<meta property=\"og:title\" content=\"PREMIJERA: GULLIVER u zemlji malih ljudi - Gradsko kazali\u0161te lutaka Rijeka\" \/>\n<meta property=\"og:description\" content=\"Autorski projekt Sa\u0161e Ano\u010di\u0107a (po ideji J. Swifta) za pred\u0161kolski i \u0161kolski uzrast\" \/>\n<meta property=\"og:url\" content=\"https:\/\/www.gkl-rijeka.hr\/index.php\/premijera-gulliver-u-zemlji-malih-ljudi\/\" \/>\n<meta property=\"og:site_name\" content=\"Gradsko kazali\u0161te lutaka Rijeka\" \/>\n<meta property=\"article:publisher\" content=\"https:\/\/www.facebook.com\/gkl.rijeka\" \/>\n<meta property=\"article:published_time\" content=\"2010-09-16T12:52:58+00:00\" \/>\n<meta property=\"og:image\" content=\"http:\/\/www.gkl-rijeka.hr\/wp\/wp-content\/uploads\/2010\/04\/guliver_00.jpg\" \/>\n<meta property=\"fb:app_id\" content=\"368762594246882\" \/>\n<meta name=\"twitter:card\" content=\"summary\" \/>\n<script type=\"application\/ld+json\" class=\"yoast-schema-graph\">{\"@context\":\"https:\/\/schema.org\",\"@graph\":[{\"@type\":\"Organization\",\"@id\":\"https:\/\/www.gkl-rijeka.hr\/#organization\",\"name\":\"Gradsko kazali\\u0161te lutaka Rijeka\",\"url\":\"https:\/\/www.gkl-rijeka.hr\/\",\"sameAs\":[\"https:\/\/www.facebook.com\/gkl.rijeka\"],\"logo\":{\"@type\":\"ImageObject\",\"@id\":\"https:\/\/www.gkl-rijeka.hr\/#logo\",\"inLanguage\":\"en-US\",\"url\":\"https:\/\/www.gkl-rijeka.hr\/wp-content\/uploads\/2020\/10\/logo_boja_01.png?wsr\",\"width\":209,\"height\":280,\"caption\":\"Gradsko kazali\\u0161te lutaka Rijeka\"},\"image\":{\"@id\":\"https:\/\/www.gkl-rijeka.hr\/#logo\"}},{\"@type\":\"WebSite\",\"@id\":\"https:\/\/www.gkl-rijeka.hr\/#website\",\"url\":\"https:\/\/www.gkl-rijeka.hr\/\",\"name\":\"Gradsko kazali\\u0161te lutaka Rijeka\",\"description\":\"\",\"publisher\":{\"@id\":\"https:\/\/www.gkl-rijeka.hr\/#organization\"},\"potentialAction\":[{\"@type\":\"SearchAction\",\"target\":\"https:\/\/www.gkl-rijeka.hr\/?s={search_term_string}\",\"query-input\":\"required name=search_term_string\"}],\"inLanguage\":\"en-US\"},{\"@type\":\"ImageObject\",\"@id\":\"https:\/\/www.gkl-rijeka.hr\/index.php\/premijera-gulliver-u-zemlji-malih-ljudi\/#primaryimage\",\"inLanguage\":\"en-US\",\"url\":\"http:\/\/www.gkl-rijeka.hr\/wp\/wp-content\/uploads\/2010\/04\/guliver_00.jpg\"},{\"@type\":\"WebPage\",\"@id\":\"https:\/\/www.gkl-rijeka.hr\/index.php\/premijera-gulliver-u-zemlji-malih-ljudi\/#webpage\",\"url\":\"https:\/\/www.gkl-rijeka.hr\/index.php\/premijera-gulliver-u-zemlji-malih-ljudi\/\",\"name\":\"PREMIJERA: GULLIVER u zemlji malih ljudi - Gradsko kazali\\u0161te lutaka Rijeka\",\"isPartOf\":{\"@id\":\"https:\/\/www.gkl-rijeka.hr\/#website\"},\"primaryImageOfPage\":{\"@id\":\"https:\/\/www.gkl-rijeka.hr\/index.php\/premijera-gulliver-u-zemlji-malih-ljudi\/#primaryimage\"},\"datePublished\":\"2010-09-16T12:52:58+00:00\",\"dateModified\":\"2010-09-16T12:52:58+00:00\",\"inLanguage\":\"en-US\",\"potentialAction\":[{\"@type\":\"ReadAction\",\"target\":[\"https:\/\/www.gkl-rijeka.hr\/index.php\/premijera-gulliver-u-zemlji-malih-ljudi\/\"]}]},{\"@type\":\"Article\",\"@id\":\"https:\/\/www.gkl-rijeka.hr\/index.php\/premijera-gulliver-u-zemlji-malih-ljudi\/#article\",\"isPartOf\":{\"@id\":\"https:\/\/www.gkl-rijeka.hr\/index.php\/premijera-gulliver-u-zemlji-malih-ljudi\/#webpage\"},\"author\":{\"@id\":\"https:\/\/www.gkl-rijeka.hr\/#\/schema\/person\/3d9f7620db983ddf36e45ccae28c8651\"},\"headline\":\"PREMIJERA: GULLIVER u zemlji malih ljudi\",\"datePublished\":\"2010-09-16T12:52:58+00:00\",\"dateModified\":\"2010-09-16T12:52:58+00:00\",\"mainEntityOfPage\":{\"@id\":\"https:\/\/www.gkl-rijeka.hr\/index.php\/premijera-gulliver-u-zemlji-malih-ljudi\/#webpage\"},\"publisher\":{\"@id\":\"https:\/\/www.gkl-rijeka.hr\/#organization\"},\"image\":{\"@id\":\"https:\/\/www.gkl-rijeka.hr\/index.php\/premijera-gulliver-u-zemlji-malih-ljudi\/#primaryimage\"},\"articleSection\":\"Pomo\\u0107na,Program kazali\\u0161ta\",\"inLanguage\":\"en-US\"},{\"@type\":\"Person\",\"@id\":\"https:\/\/www.gkl-rijeka.hr\/#\/schema\/person\/3d9f7620db983ddf36e45ccae28c8651\",\"name\":\"Marin\",\"image\":{\"@type\":\"ImageObject\",\"@id\":\"https:\/\/www.gkl-rijeka.hr\/#personlogo\",\"inLanguage\":\"en-US\",\"url\":\"https:\/\/secure.gravatar.com\/avatar\/9ba8e90e29bf7b5691a75673ed86bcba?s=96&d=mm&r=g\",\"caption\":\"Marin\"}}]}<\/script>\n<!-- \/ Yoast SEO plugin. -->","_links":{"self":[{"href":"https:\/\/www.gkl-rijeka.hr\/index.php\/wp-json\/wp\/v2\/posts\/510"}],"collection":[{"href":"https:\/\/www.gkl-rijeka.hr\/index.php\/wp-json\/wp\/v2\/posts"}],"about":[{"href":"https:\/\/www.gkl-rijeka.hr\/index.php\/wp-json\/wp\/v2\/types\/post"}],"author":[{"embeddable":true,"href":"https:\/\/www.gkl-rijeka.hr\/index.php\/wp-json\/wp\/v2\/users\/1"}],"replies":[{"embeddable":true,"href":"https:\/\/www.gkl-rijeka.hr\/index.php\/wp-json\/wp\/v2\/comments?post=510"}],"version-history":[{"count":0,"href":"https:\/\/www.gkl-rijeka.hr\/index.php\/wp-json\/wp\/v2\/posts\/510\/revisions"}],"wp:attachment":[{"href":"https:\/\/www.gkl-rijeka.hr\/index.php\/wp-json\/wp\/v2\/media?parent=510"}],"wp:term":[{"taxonomy":"category","embeddable":true,"href":"https:\/\/www.gkl-rijeka.hr\/index.php\/wp-json\/wp\/v2\/categories?post=510"},{"taxonomy":"post_tag","embeddable":true,"href":"https:\/\/www.gkl-rijeka.hr\/index.php\/wp-json\/wp\/v2\/tags?post=510"}],"curies":[{"name":"wp","href":"https:\/\/api.w.org\/{rel}","templated":true}]}}