{"id":542,"date":"2011-01-07T19:13:05","date_gmt":"2011-01-07T18:13:05","guid":{"rendered":"http:\/\/www.gkl-rijeka.hr\/wordpress\/?p=542"},"modified":"2011-01-07T19:13:05","modified_gmt":"2011-01-07T18:13:05","slug":"novi-termin-izvedbi-u-slobodnoj-prodaji","status":"publish","type":"post","link":"https:\/\/www.gkl-rijeka.hr\/index.php\/novi-termin-izvedbi-u-slobodnoj-prodaji\/","title":{"rendered":"NOVI TERMIN IZVEDBI U SLOBODNOJ PRODAJI"},"content":{"rendered":"<p>Zbog stalno rastu\u0107eg broja publike na predstavama u slobodnoj prodaji, Kazali\u0161te se odlu\u010dilo za jo\u0161 jedan dodatni termin izvedbi. Tako \u0107e se, osim ve\u0107 standardnih \u010detvrtka i petka u 18,00 i subote u 11,00, predstave za gra\u0111anstvo izvoditi i subotom u poslijepodnevnom terminu (18,00) po\u010dev\u0161i ve\u0107 od subote, 8. sije\u010dnja! Veselimo se va\u0161em dolasku!<\/p>\n","protected":false},"excerpt":{"rendered":"<p>Zbog stalno rastu\u0107eg broja publike na predstavama u slobodnoj prodaji, Kazali\u0161te se odlu\u010dilo za jo\u0161 jedan dodatni termin izvedbi. Tako \u0107e se, osim ve\u0107 standardnih \u010detvrtka i petka u 18,00 i subote u 11,00, predstave za gra\u0111anstvo izvoditi i subotom u poslijepodnevnom terminu (18,00) po\u010dev\u0161i ve\u0107 od subote, 8. sije\u010dnja! Veselimo se va\u0161em dolasku!<\/p>\n","protected":false},"author":3,"featured_media":0,"comment_status":"closed","ping_status":"closed","sticky":false,"template":"","format":"standard","meta":{"spay_email":""},"categories":[1],"tags":[],"jetpack_featured_media_url":"","yoast_head":"<!-- This site is optimized with the Yoast SEO plugin v15.1.1 - https:\/\/yoast.com\/wordpress\/plugins\/seo\/ -->\n<meta name=\"robots\" content=\"index, follow, max-snippet:-1, max-image-preview:large, max-video-preview:-1\" \/>\n<link rel=\"canonical\" href=\"https:\/\/www.gkl-rijeka.hr\/index.php\/novi-termin-izvedbi-u-slobodnoj-prodaji\/\" \/>\n<meta property=\"og:locale\" content=\"en_US\" \/>\n<meta property=\"og:type\" content=\"article\" \/>\n<meta property=\"og:title\" content=\"NOVI TERMIN IZVEDBI U SLOBODNOJ PRODAJI - Gradsko kazali\u0161te lutaka Rijeka\" \/>\n<meta property=\"og:description\" content=\"Zbog stalno rastu\u0107eg broja publike na predstavama u slobodnoj prodaji, Kazali\u0161te se odlu\u010dilo za jo\u0161 jedan dodatni termin izvedbi. Tako \u0107e se, osim ve\u0107 standardnih \u010detvrtka i petka u 18,00 i subote u 11,00, predstave za gra\u0111anstvo izvoditi i subotom u poslijepodnevnom terminu (18,00) po\u010dev\u0161i ve\u0107 od subote, 8. sije\u010dnja! Veselimo se va\u0161em dolasku!\" \/>\n<meta property=\"og:url\" content=\"https:\/\/www.gkl-rijeka.hr\/index.php\/novi-termin-izvedbi-u-slobodnoj-prodaji\/\" \/>\n<meta property=\"og:site_name\" content=\"Gradsko kazali\u0161te lutaka Rijeka\" \/>\n<meta property=\"article:publisher\" content=\"https:\/\/www.facebook.com\/gkl.rijeka\" \/>\n<meta property=\"article:published_time\" content=\"2011-01-07T18:13:05+00:00\" \/>\n<meta property=\"og:image\" content=\"https:\/\/www.gkl-rijeka.hr\/wp-content\/uploads\/2020\/10\/promocije.jpg?wsr\" \/>\n\t<meta property=\"og:image:width\" content=\"1920\" \/>\n\t<meta property=\"og:image:height\" content=\"1059\" \/>\n<meta property=\"fb:app_id\" content=\"368762594246882\" \/>\n<meta name=\"twitter:card\" content=\"summary\" \/>\n<script type=\"application\/ld+json\" class=\"yoast-schema-graph\">{\"@context\":\"https:\/\/schema.org\",\"@graph\":[{\"@type\":\"Organization\",\"@id\":\"https:\/\/www.gkl-rijeka.hr\/#organization\",\"name\":\"Gradsko kazali\\u0161te lutaka Rijeka\",\"url\":\"https:\/\/www.gkl-rijeka.hr\/\",\"sameAs\":[\"https:\/\/www.facebook.com\/gkl.rijeka\"],\"logo\":{\"@type\":\"ImageObject\",\"@id\":\"https:\/\/www.gkl-rijeka.hr\/#logo\",\"inLanguage\":\"en-US\",\"url\":\"https:\/\/www.gkl-rijeka.hr\/wp-content\/uploads\/2020\/10\/logo_boja_01.png?wsr\",\"width\":209,\"height\":280,\"caption\":\"Gradsko kazali\\u0161te lutaka Rijeka\"},\"image\":{\"@id\":\"https:\/\/www.gkl-rijeka.hr\/#logo\"}},{\"@type\":\"WebSite\",\"@id\":\"https:\/\/www.gkl-rijeka.hr\/#website\",\"url\":\"https:\/\/www.gkl-rijeka.hr\/\",\"name\":\"Gradsko kazali\\u0161te lutaka Rijeka\",\"description\":\"\",\"publisher\":{\"@id\":\"https:\/\/www.gkl-rijeka.hr\/#organization\"},\"potentialAction\":[{\"@type\":\"SearchAction\",\"target\":\"https:\/\/www.gkl-rijeka.hr\/?s={search_term_string}\",\"query-input\":\"required name=search_term_string\"}],\"inLanguage\":\"en-US\"},{\"@type\":\"WebPage\",\"@id\":\"https:\/\/www.gkl-rijeka.hr\/index.php\/novi-termin-izvedbi-u-slobodnoj-prodaji\/#webpage\",\"url\":\"https:\/\/www.gkl-rijeka.hr\/index.php\/novi-termin-izvedbi-u-slobodnoj-prodaji\/\",\"name\":\"NOVI TERMIN IZVEDBI U SLOBODNOJ PRODAJI - Gradsko kazali\\u0161te lutaka Rijeka\",\"isPartOf\":{\"@id\":\"https:\/\/www.gkl-rijeka.hr\/#website\"},\"datePublished\":\"2011-01-07T18:13:05+00:00\",\"dateModified\":\"2011-01-07T18:13:05+00:00\",\"inLanguage\":\"en-US\",\"potentialAction\":[{\"@type\":\"ReadAction\",\"target\":[\"https:\/\/www.gkl-rijeka.hr\/index.php\/novi-termin-izvedbi-u-slobodnoj-prodaji\/\"]}]},{\"@type\":\"Article\",\"@id\":\"https:\/\/www.gkl-rijeka.hr\/index.php\/novi-termin-izvedbi-u-slobodnoj-prodaji\/#article\",\"isPartOf\":{\"@id\":\"https:\/\/www.gkl-rijeka.hr\/index.php\/novi-termin-izvedbi-u-slobodnoj-prodaji\/#webpage\"},\"author\":{\"@id\":\"https:\/\/www.gkl-rijeka.hr\/#\/schema\/person\/902062ab3ebb7c87a532ea1895b83da2\"},\"headline\":\"NOVI TERMIN IZVEDBI U SLOBODNOJ PRODAJI\",\"datePublished\":\"2011-01-07T18:13:05+00:00\",\"dateModified\":\"2011-01-07T18:13:05+00:00\",\"mainEntityOfPage\":{\"@id\":\"https:\/\/www.gkl-rijeka.hr\/index.php\/novi-termin-izvedbi-u-slobodnoj-prodaji\/#webpage\"},\"publisher\":{\"@id\":\"https:\/\/www.gkl-rijeka.hr\/#organization\"},\"inLanguage\":\"en-US\"},{\"@type\":\"Person\",\"@id\":\"https:\/\/www.gkl-rijeka.hr\/#\/schema\/person\/902062ab3ebb7c87a532ea1895b83da2\",\"name\":\"Vedrana\",\"image\":{\"@type\":\"ImageObject\",\"@id\":\"https:\/\/www.gkl-rijeka.hr\/#personlogo\",\"inLanguage\":\"en-US\",\"url\":\"https:\/\/secure.gravatar.com\/avatar\/2661cd1c63328b25d3019be485f4794a?s=96&d=mm&r=g\",\"caption\":\"Vedrana\"}}]}<\/script>\n<!-- \/ Yoast SEO plugin. -->","_links":{"self":[{"href":"https:\/\/www.gkl-rijeka.hr\/index.php\/wp-json\/wp\/v2\/posts\/542"}],"collection":[{"href":"https:\/\/www.gkl-rijeka.hr\/index.php\/wp-json\/wp\/v2\/posts"}],"about":[{"href":"https:\/\/www.gkl-rijeka.hr\/index.php\/wp-json\/wp\/v2\/types\/post"}],"author":[{"embeddable":true,"href":"https:\/\/www.gkl-rijeka.hr\/index.php\/wp-json\/wp\/v2\/users\/3"}],"replies":[{"embeddable":true,"href":"https:\/\/www.gkl-rijeka.hr\/index.php\/wp-json\/wp\/v2\/comments?post=542"}],"version-history":[{"count":0,"href":"https:\/\/www.gkl-rijeka.hr\/index.php\/wp-json\/wp\/v2\/posts\/542\/revisions"}],"wp:attachment":[{"href":"https:\/\/www.gkl-rijeka.hr\/index.php\/wp-json\/wp\/v2\/media?parent=542"}],"wp:term":[{"taxonomy":"category","embeddable":true,"href":"https:\/\/www.gkl-rijeka.hr\/index.php\/wp-json\/wp\/v2\/categories?post=542"},{"taxonomy":"post_tag","embeddable":true,"href":"https:\/\/www.gkl-rijeka.hr\/index.php\/wp-json\/wp\/v2\/tags?post=542"}],"curies":[{"name":"wp","href":"https:\/\/api.w.org\/{rel}","templated":true}]}}