{"id":5615,"date":"2017-11-24T16:05:43","date_gmt":"2017-11-24T14:05:43","guid":{"rendered":"http:\/\/www.gkl-rijeka.hr\/?p=5615"},"modified":"2017-11-24T16:10:37","modified_gmt":"2017-11-24T14:10:37","slug":"noc-kazalista-u-gkl-rijeka-6","status":"publish","type":"post","link":"https:\/\/www.gkl-rijeka.hr\/index.php\/noc-kazalista-u-gkl-rijeka-6\/","title":{"rendered":"No\u0107 kazali\u0161ta u GKL Rijeka"},"content":{"rendered":"<p><img loading=\"lazy\" class=\"alignnone size-medium wp-image-5617\" src=\"http:\/\/www.gkl-rijeka.hr\/wp-content\/uploads\/2017\/11\/Srecine_cipele_291-1024x683.jpg\" alt=\"\" width=\"1024\" height=\"683\" srcset=\"https:\/\/www.gkl-rijeka.hr\/wp-content\/uploads\/2017\/11\/Srecine_cipele_291-1024x683.jpg 1024w, https:\/\/www.gkl-rijeka.hr\/wp-content\/uploads\/2017\/11\/Srecine_cipele_291-1920x1280.jpg 1920w, https:\/\/www.gkl-rijeka.hr\/wp-content\/uploads\/2017\/11\/Srecine_cipele_291-200x133.jpg 200w, https:\/\/www.gkl-rijeka.hr\/wp-content\/uploads\/2017\/11\/Srecine_cipele_291-1080x720.jpg 1080w\" sizes=\"(max-width: 1024px) 100vw, 1024px\" \/>Koa i svake godine od samog po\u010detka manifestacije No\u0107 kazali\u0161ta u Hrvatskoj, GKL Rijeka sudjeluje s nekim svojim programom. Ove godine izvodimo predstavu postavljenu u suradnji s udrugom CLOU, Sre\u0107ine cipele. Autorice teskta prema Andresneovom djelu jesu Nina Sabo i Valentina Lon\u010dari\u0107 koje ujedno i izvode predstavu. Autorski tim uz njih \u010dine Marija Volkmer, Andreja Jandre\u010di\u0107 i Sanjin Ser\u0161i\u0107. S obzirom da je predstava razvijena u okviru projekta PhiloLab4kids, na kraju izvedbe, glumice razgovaraju s djecom i otvaraju im pristup filozofskom mi\u0161ljenju od malih nogu. Predstava se izvodi u subotu, 24. studenog u 11:00 i 18:00, a cijena ulaznice je popularna i iznosi 10,00 kn.<\/p>\n","protected":false},"excerpt":{"rendered":"<p>Koa i svake godine od samog po\u010detka manifestacije No\u0107 kazali\u0161ta u Hrvatskoj, GKL Rijeka sudjeluje s nekim svojim programom. Ove godine izvodimo predstavu postavljenu u suradnji s udrugom CLOU, Sre\u0107ine cipele. Autorice teskta prema Andresneovom djelu jesu Nina Sabo i Valentina Lon\u010dari\u0107 koje ujedno i izvode predstavu. Autorski tim uz njih \u010dine Marija Volkmer, Andreja [&hellip;]<\/p>\n","protected":false},"author":3,"featured_media":0,"comment_status":"closed","ping_status":"closed","sticky":false,"template":"","format":"standard","meta":{"spay_email":""},"categories":[1],"tags":[],"jetpack_featured_media_url":"","yoast_head":"<!-- This site is optimized with the Yoast SEO plugin v15.1.1 - https:\/\/yoast.com\/wordpress\/plugins\/seo\/ -->\n<meta name=\"robots\" content=\"index, follow, max-snippet:-1, max-image-preview:large, max-video-preview:-1\" \/>\n<link rel=\"canonical\" href=\"https:\/\/www.gkl-rijeka.hr\/index.php\/noc-kazalista-u-gkl-rijeka-6\/\" \/>\n<meta property=\"og:locale\" content=\"en_US\" \/>\n<meta property=\"og:type\" content=\"article\" \/>\n<meta property=\"og:title\" content=\"No\u0107 kazali\u0161ta u GKL Rijeka - Gradsko kazali\u0161te lutaka Rijeka\" \/>\n<meta property=\"og:description\" content=\"Koa i svake godine od samog po\u010detka manifestacije No\u0107 kazali\u0161ta u Hrvatskoj, GKL Rijeka sudjeluje s nekim svojim programom. Ove godine izvodimo predstavu postavljenu u suradnji s udrugom CLOU, Sre\u0107ine cipele. Autorice teskta prema Andresneovom djelu jesu Nina Sabo i Valentina Lon\u010dari\u0107 koje ujedno i izvode predstavu. Autorski tim uz njih \u010dine Marija Volkmer, Andreja [&hellip;]\" \/>\n<meta property=\"og:url\" content=\"https:\/\/www.gkl-rijeka.hr\/index.php\/noc-kazalista-u-gkl-rijeka-6\/\" \/>\n<meta property=\"og:site_name\" content=\"Gradsko kazali\u0161te lutaka Rijeka\" \/>\n<meta property=\"article:publisher\" content=\"https:\/\/www.facebook.com\/gkl.rijeka\" \/>\n<meta property=\"article:published_time\" content=\"2017-11-24T14:05:43+00:00\" \/>\n<meta property=\"article:modified_time\" content=\"2017-11-24T14:10:37+00:00\" \/>\n<meta property=\"og:image\" content=\"http:\/\/www.gkl-rijeka.hr\/wp-content\/uploads\/2017\/11\/Srecine_cipele_291-1024x683.jpg\" \/>\n<meta property=\"fb:app_id\" content=\"368762594246882\" \/>\n<meta name=\"twitter:card\" content=\"summary\" \/>\n<script type=\"application\/ld+json\" class=\"yoast-schema-graph\">{\"@context\":\"https:\/\/schema.org\",\"@graph\":[{\"@type\":\"Organization\",\"@id\":\"https:\/\/www.gkl-rijeka.hr\/#organization\",\"name\":\"Gradsko kazali\\u0161te lutaka Rijeka\",\"url\":\"https:\/\/www.gkl-rijeka.hr\/\",\"sameAs\":[\"https:\/\/www.facebook.com\/gkl.rijeka\"],\"logo\":{\"@type\":\"ImageObject\",\"@id\":\"https:\/\/www.gkl-rijeka.hr\/#logo\",\"inLanguage\":\"en-US\",\"url\":\"https:\/\/www.gkl-rijeka.hr\/wp-content\/uploads\/2020\/10\/logo_boja_01.png?wsr\",\"width\":209,\"height\":280,\"caption\":\"Gradsko kazali\\u0161te lutaka Rijeka\"},\"image\":{\"@id\":\"https:\/\/www.gkl-rijeka.hr\/#logo\"}},{\"@type\":\"WebSite\",\"@id\":\"https:\/\/www.gkl-rijeka.hr\/#website\",\"url\":\"https:\/\/www.gkl-rijeka.hr\/\",\"name\":\"Gradsko kazali\\u0161te lutaka Rijeka\",\"description\":\"\",\"publisher\":{\"@id\":\"https:\/\/www.gkl-rijeka.hr\/#organization\"},\"potentialAction\":[{\"@type\":\"SearchAction\",\"target\":\"https:\/\/www.gkl-rijeka.hr\/?s={search_term_string}\",\"query-input\":\"required name=search_term_string\"}],\"inLanguage\":\"en-US\"},{\"@type\":\"ImageObject\",\"@id\":\"https:\/\/www.gkl-rijeka.hr\/index.php\/noc-kazalista-u-gkl-rijeka-6\/#primaryimage\",\"inLanguage\":\"en-US\",\"url\":\"http:\/\/www.gkl-rijeka.hr\/wp-content\/uploads\/2017\/11\/Srecine_cipele_291-1024x683.jpg\"},{\"@type\":\"WebPage\",\"@id\":\"https:\/\/www.gkl-rijeka.hr\/index.php\/noc-kazalista-u-gkl-rijeka-6\/#webpage\",\"url\":\"https:\/\/www.gkl-rijeka.hr\/index.php\/noc-kazalista-u-gkl-rijeka-6\/\",\"name\":\"No\\u0107 kazali\\u0161ta u GKL Rijeka - Gradsko kazali\\u0161te lutaka Rijeka\",\"isPartOf\":{\"@id\":\"https:\/\/www.gkl-rijeka.hr\/#website\"},\"primaryImageOfPage\":{\"@id\":\"https:\/\/www.gkl-rijeka.hr\/index.php\/noc-kazalista-u-gkl-rijeka-6\/#primaryimage\"},\"datePublished\":\"2017-11-24T14:05:43+00:00\",\"dateModified\":\"2017-11-24T14:10:37+00:00\",\"inLanguage\":\"en-US\",\"potentialAction\":[{\"@type\":\"ReadAction\",\"target\":[\"https:\/\/www.gkl-rijeka.hr\/index.php\/noc-kazalista-u-gkl-rijeka-6\/\"]}]},{\"@type\":\"Article\",\"@id\":\"https:\/\/www.gkl-rijeka.hr\/index.php\/noc-kazalista-u-gkl-rijeka-6\/#article\",\"isPartOf\":{\"@id\":\"https:\/\/www.gkl-rijeka.hr\/index.php\/noc-kazalista-u-gkl-rijeka-6\/#webpage\"},\"author\":{\"@id\":\"https:\/\/www.gkl-rijeka.hr\/#\/schema\/person\/902062ab3ebb7c87a532ea1895b83da2\"},\"headline\":\"No\\u0107 kazali\\u0161ta u GKL Rijeka\",\"datePublished\":\"2017-11-24T14:05:43+00:00\",\"dateModified\":\"2017-11-24T14:10:37+00:00\",\"mainEntityOfPage\":{\"@id\":\"https:\/\/www.gkl-rijeka.hr\/index.php\/noc-kazalista-u-gkl-rijeka-6\/#webpage\"},\"publisher\":{\"@id\":\"https:\/\/www.gkl-rijeka.hr\/#organization\"},\"image\":{\"@id\":\"https:\/\/www.gkl-rijeka.hr\/index.php\/noc-kazalista-u-gkl-rijeka-6\/#primaryimage\"},\"inLanguage\":\"en-US\"},{\"@type\":\"Person\",\"@id\":\"https:\/\/www.gkl-rijeka.hr\/#\/schema\/person\/902062ab3ebb7c87a532ea1895b83da2\",\"name\":\"Vedrana\",\"image\":{\"@type\":\"ImageObject\",\"@id\":\"https:\/\/www.gkl-rijeka.hr\/#personlogo\",\"inLanguage\":\"en-US\",\"url\":\"https:\/\/secure.gravatar.com\/avatar\/2661cd1c63328b25d3019be485f4794a?s=96&d=mm&r=g\",\"caption\":\"Vedrana\"}}]}<\/script>\n<!-- \/ Yoast SEO plugin. -->","_links":{"self":[{"href":"https:\/\/www.gkl-rijeka.hr\/index.php\/wp-json\/wp\/v2\/posts\/5615"}],"collection":[{"href":"https:\/\/www.gkl-rijeka.hr\/index.php\/wp-json\/wp\/v2\/posts"}],"about":[{"href":"https:\/\/www.gkl-rijeka.hr\/index.php\/wp-json\/wp\/v2\/types\/post"}],"author":[{"embeddable":true,"href":"https:\/\/www.gkl-rijeka.hr\/index.php\/wp-json\/wp\/v2\/users\/3"}],"replies":[{"embeddable":true,"href":"https:\/\/www.gkl-rijeka.hr\/index.php\/wp-json\/wp\/v2\/comments?post=5615"}],"version-history":[{"count":3,"href":"https:\/\/www.gkl-rijeka.hr\/index.php\/wp-json\/wp\/v2\/posts\/5615\/revisions"}],"predecessor-version":[{"id":5619,"href":"https:\/\/www.gkl-rijeka.hr\/index.php\/wp-json\/wp\/v2\/posts\/5615\/revisions\/5619"}],"wp:attachment":[{"href":"https:\/\/www.gkl-rijeka.hr\/index.php\/wp-json\/wp\/v2\/media?parent=5615"}],"wp:term":[{"taxonomy":"category","embeddable":true,"href":"https:\/\/www.gkl-rijeka.hr\/index.php\/wp-json\/wp\/v2\/categories?post=5615"},{"taxonomy":"post_tag","embeddable":true,"href":"https:\/\/www.gkl-rijeka.hr\/index.php\/wp-json\/wp\/v2\/tags?post=5615"}],"curies":[{"name":"wp","href":"https:\/\/api.w.org\/{rel}","templated":true}]}}