{"id":6030,"date":"2018-10-08T12:11:12","date_gmt":"2018-10-08T10:11:12","guid":{"rendered":"http:\/\/www.gkl-rijeka.hr\/?p=6030"},"modified":"2018-10-16T23:28:13","modified_gmt":"2018-10-16T21:28:13","slug":"petar-kustravi","status":"publish","type":"post","link":"https:\/\/www.gkl-rijeka.hr\/index.php\/petar-kustravi\/","title":{"rendered":"Petar Ku\u0161travi"},"content":{"rendered":"<p>[et_pb_section admin_label=&#8221;section&#8221; fullwidth=&#8221;on&#8221; specialty=&#8221;off&#8221; background_color=&#8221;#2ea3f2&#8243; inner_shadow=&#8221;off&#8221; parallax=&#8221;off&#8221; transparent_background=&#8221;on&#8221; allow_player_pause=&#8221;off&#8221; parallax_method=&#8221;off&#8221; padding_mobile=&#8221;off&#8221; module_id=&#8221;revijaPredstavaGore&#8221; make_fullwidth=&#8221;off&#8221; use_custom_width=&#8221;off&#8221; width_unit=&#8221;on&#8221; make_equal=&#8221;off&#8221; use_custom_gutter=&#8221;off&#8221;][et_pb_fullwidth_header admin_label=&#8221;Fullwidth Header&#8221; title=&#8221;Petar Ku\u0161travi&#8221; background_layout=&#8221;dark&#8221; text_orientation=&#8221;left&#8221; header_fullscreen=&#8221;on&#8221; header_scroll_down=&#8221;on&#8221; parallax=&#8221;on&#8221; parallax_method=&#8221;off&#8221; content_orientation=&#8221;center&#8221; image_orientation=&#8221;center&#8221; custom_button_one=&#8221;off&#8221; button_one_letter_spacing=&#8221;0&#8243; button_one_use_icon=&#8221;default&#8221; button_one_icon_placement=&#8221;right&#8221; button_one_on_hover=&#8221;on&#8221; button_one_letter_spacing_hover=&#8221;0&#8243; custom_button_two=&#8221;off&#8221; button_two_letter_spacing=&#8221;0&#8243; button_two_use_icon=&#8221;default&#8221; button_two_icon_placement=&#8221;right&#8221; button_two_on_hover=&#8221;on&#8221; button_two_letter_spacing_hover=&#8221;0&#8243; scroll_down_icon=&#8221;%%9%%&#8221; background_url=&#8221;http:\/\/www.gkl-rijeka.hr\/wp-content\/uploads\/2018\/10\/Peter-Kuster.jpg&#8221; title_font=&#8221;Poiret One||||&#8221; title_font_color=&#8221;#e0cda3&#8243; title_font_size=&#8221;80&#8243; subhead_font=&#8221;Poiret One||||&#8221; subhead_font_color=&#8221;#e0cda3&#8243; subhead_font_size=&#8221;36px&#8221; scroll_down_icon_color=&#8221;#e0cda3&#8243; subhead=&#8221;Bizarna opereta, The Tiger Lillies, Julian Crouch, Phelim McDermot&#8221;]<\/p>\n<p>&nbsp;<\/p>\n<p>[\/et_pb_fullwidth_header][\/et_pb_section][et_pb_section admin_label=&#8221;section&#8221; fullwidth=&#8221;off&#8221; specialty=&#8221;on&#8221; transparent_background=&#8221;on&#8221; allow_player_pause=&#8221;off&#8221; inner_shadow=&#8221;off&#8221; parallax=&#8221;off&#8221; parallax_method=&#8221;off&#8221; padding_mobile=&#8221;off&#8221; module_id=&#8221;revijaPredstavaDole&#8221; make_fullwidth=&#8221;off&#8221; use_custom_width=&#8221;off&#8221; width_unit=&#8221;on&#8221; make_equal=&#8221;off&#8221; use_custom_gutter=&#8221;off&#8221; background_color_2=&#8221;#ffffff&#8221;][et_pb_column type=&#8221;1_4&#8243;][et_pb_sidebar admin_label=&#8221;Sidebar&#8221; orientation=&#8221;left&#8221; area=&#8221;cs-11&#8243; background_layout=&#8221;light&#8221; remove_border=&#8221;off&#8221;]<\/p>\n<p>&nbsp;<\/p>\n<p>[\/et_pb_sidebar][\/et_pb_column][et_pb_column type=&#8221;1_2&#8243; specialty_columns=&#8221;2&#8243;][et_pb_row_inner admin_label=&#8221;row_inner&#8221; custom_padding=&#8221;|0px&#8221; padding_mobile=&#8221;off&#8221; use_custom_gutter=&#8221;off&#8221; column_padding_mobile=&#8221;on&#8221; make_equal=&#8221;off&#8221;][et_pb_column_inner type=&#8221;1_2&#8243; saved_specialty_column_type=&#8221;1_2&#8243;][et_pb_text admin_label=&#8221;u izvedbi, uzrast i trajanje&#8221; background_layout=&#8221;light&#8221; text_orientation=&#8221;left&#8221; use_border_color=&#8221;off&#8221; border_color=&#8221;#ffffff&#8221; border_style=&#8221;solid&#8221;]<\/p>\n<h4>U produkciji Slovenskog narodnog kazali\u0161ta Nova Gorica, Slovenija<\/h4>\n<p>uzrast: 11+<br \/>\ntrajanje: 1 h i 30 min.<br \/>\njezik: slovenski, titlovi na hrvatskom jeziku<\/p>\n<p>[\/et_pb_text][\/et_pb_column_inner][et_pb_column_inner type=&#8221;1_2&#8243; saved_specialty_column_type=&#8221;1_2&#8243;][et_pb_text admin_label=&#8221;Raspored izvedbi&#8221; background_layout=&#8221;light&#8221; text_orientation=&#8221;left&#8221; use_border_color=&#8221;off&#8221; border_color=&#8221;#ffffff&#8221; border_style=&#8221;solid&#8221;]<\/p>\n<h4>Raspored izvedbi<\/h4>\n<p>subota 3.11. 19:30 HKD<\/p>\n<p><strong>Sve\u010dano\u00a0 otvaranje 23. revije lutkarskih kazali\u0161ta<\/strong><\/p>\n<p><strong>EPK na Reviji<\/strong><\/p>\n<p>[\/et_pb_text][\/et_pb_column_inner][\/et_pb_row_inner][et_pb_row_inner admin_label=&#8221;row_inner&#8221; custom_padding=&#8221;10px|&#8221; padding_mobile=&#8221;off&#8221; use_custom_gutter=&#8221;off&#8221; column_padding_mobile=&#8221;on&#8221; make_equal=&#8221;off&#8221; custom_css_main_element=&#8221;border-top: 1px solid #e0cda3;||border-bottom: 1px solid #e0cda3;||margin-top: 30px;&#8221;][et_pb_column_inner type=&#8221;4_4&#8243; saved_specialty_column_type=&#8221;1_2&#8243;][et_pb_text admin_label=&#8221;O predstavi&#8221; background_layout=&#8221;light&#8221; text_orientation=&#8221;left&#8221; use_border_color=&#8221;off&#8221; border_color=&#8221;#ffffff&#8221; border_style=&#8221;solid&#8221; custom_css_main_element=&#8221;h2 {|| margin-top: 10px !important;||}&#8221;]<\/p>\n<h2>O predstavi<\/h2>\n<p>Bizarne pri\u010de govore o lo\u0161em pona\u0161anju djece i potencijalnim opasnim posljedicama. Dijete koje ne \u017eeli jesti gubi na te\u017eini sve dok ne umre; drugo koje ne gleda svoje korake pada u vodu i gotovo se utopi; djevoj\u010dica koja se igra zabranjenim \u0161ibicama izgori&#8230; U pri\u010dama, strah je alat za podu\u010davanje djece dobrom pona\u0161anju i poslu\u0161nosti. Ova neuobi\u010dajena predstava namijenjena mladim ljudima i odraslima o\u010darava groteskno\u2013morbidnim poja\u010davanjem dobro poznatih pri\u010da i crnog humora.<\/p>\n<p><img loading=\"lazy\" class=\"alignnone size-full wp-image-6237\" src=\"http:\/\/www.gkl-rijeka.hr\/wp-content\/uploads\/2018\/10\/RI2020_logo_ecoc-2-694x450.jpg\" alt=\"\" width=\"694\" height=\"357\" srcset=\"https:\/\/www.gkl-rijeka.hr\/wp-content\/uploads\/2018\/10\/RI2020_logo_ecoc-2-694x450.jpg 694w, https:\/\/www.gkl-rijeka.hr\/wp-content\/uploads\/2018\/10\/RI2020_logo_ecoc-2-694x450-200x103.jpg 200w\" sizes=\"(max-width: 694px) 100vw, 694px\" \/><\/p>\n<p>&nbsp;<\/p>\n<p>[\/et_pb_text][\/et_pb_column_inner][\/et_pb_row_inner][et_pb_row_inner admin_label=&#8221;row_inner&#8221; custom_padding=&#8221;|0px&#8221; padding_mobile=&#8221;off&#8221; use_custom_gutter=&#8221;off&#8221; column_padding_mobile=&#8221;on&#8221; make_equal=&#8221;off&#8221;][et_pb_column_inner type=&#8221;1_2&#8243; saved_specialty_column_type=&#8221;1_2&#8243;][et_pb_text admin_label=&#8221;Autorska ekipa&#8221; background_layout=&#8221;light&#8221; text_orientation=&#8221;left&#8221; use_border_color=&#8221;off&#8221; border_color=&#8221;#ffffff&#8221; border_style=&#8221;solid&#8221;]<\/p>\n<h4>Autorska ekipa:<\/h4>\n<p>Prevoditelj: <strong>Andrej Rozman Roza<\/strong> Redateljica: <strong>Ivana Djilas<\/strong> Dramaturginja: <strong>Ana Kr\u017ei\u0161nik Bla\u017eica<\/strong> Savjetnik za jezik: <strong>Sre\u010dko Fi\u0161er<\/strong> Aran\u017eman: <strong>Bo\u0161tjan Narat, Bla\u017e Celarec, Jo\u017ei \u0160alej Repetitor Jo\u017ei \u0160alej<\/strong> Dizajnerica scenografije i oblikovateljica lutaka: <strong>Barbara Stupica<\/strong> Kostimografkinja: <strong>Jelena Prokovi\u0107<\/strong> Koreografkinja: <strong>Ma\u0161a Kagao Knez<\/strong> Savjetnik za animaciju lutaka: <strong>Brane Vi\u017eintin<\/strong> Dizajner svjetla: <strong>Samo Oblokar<\/strong> Make-up dizajnerica: <strong>Tina Prpar<\/strong> Pomo\u0107nica scenografkinje: <strong>Ana \u017derjal<\/strong> Pomo\u0107nica kostimografkinje: <strong>Neli \u0160trukelj<\/strong><\/p>\n<p>[\/et_pb_text][\/et_pb_column_inner][et_pb_column_inner type=&#8221;1_2&#8243; saved_specialty_column_type=&#8221;1_2&#8243;][et_pb_text admin_label=&#8221;Sudjeluju&#8221; background_layout=&#8221;light&#8221; text_orientation=&#8221;left&#8221; use_border_color=&#8221;off&#8221; border_color=&#8221;#ffffff&#8221; border_style=&#8221;solid&#8221;]<\/p>\n<h4>Izvode<\/h4>\n<p><strong>Ana Facchini, Kristijan Gu\u010dek, Peter Harl, Gorazd Jakomini, Patrizia Jurin\u010di\u010d Fin\u017egar, Jure Kopu\u0161ar, Matija Rupel, Marjuta Slami\u010d i Andrej Zalesjak<\/strong> Glazbenici: <strong>Bla\u017e Celarec k. g., Bo\u0161tjan Narat k. g., Jo\u017ei \u0160alej k. g.<\/strong><\/p>\n<p>[\/et_pb_text][\/et_pb_column_inner][\/et_pb_row_inner][\/et_pb_column][et_pb_column type=&#8221;1_4&#8243;][et_pb_sidebar admin_label=&#8221;Sidebar&#8221; orientation=&#8221;right&#8221; area=&#8221;cs-12&#8243; background_layout=&#8221;light&#8221; remove_border=&#8221;off&#8221;]<\/p>\n<p>&nbsp;<\/p>\n<p>[\/et_pb_sidebar][\/et_pb_column][\/et_pb_section]<\/p>\n","protected":false},"excerpt":{"rendered":"<p>[et_pb_section admin_label=&#8221;section&#8221; fullwidth=&#8221;on&#8221; specialty=&#8221;off&#8221; background_color=&#8221;#2ea3f2&#8243; inner_shadow=&#8221;off&#8221; parallax=&#8221;off&#8221; transparent_background=&#8221;on&#8221; allow_player_pause=&#8221;off&#8221; parallax_method=&#8221;off&#8221; padding_mobile=&#8221;off&#8221; module_id=&#8221;revijaPredstavaGore&#8221; make_fullwidth=&#8221;off&#8221; use_custom_width=&#8221;off&#8221; width_unit=&#8221;on&#8221; make_equal=&#8221;off&#8221; use_custom_gutter=&#8221;off&#8221;][et_pb_fullwidth_header admin_label=&#8221;Fullwidth Header&#8221; title=&#8221;Petar Ku\u0161travi&#8221; background_layout=&#8221;dark&#8221; text_orientation=&#8221;left&#8221; header_fullscreen=&#8221;on&#8221; header_scroll_down=&#8221;on&#8221; parallax=&#8221;on&#8221; parallax_method=&#8221;off&#8221; content_orientation=&#8221;center&#8221; image_orientation=&#8221;center&#8221; custom_button_one=&#8221;off&#8221; button_one_letter_spacing=&#8221;0&#8243; button_one_use_icon=&#8221;default&#8221; button_one_icon_placement=&#8221;right&#8221; button_one_on_hover=&#8221;on&#8221; button_one_letter_spacing_hover=&#8221;0&#8243; custom_button_two=&#8221;off&#8221; button_two_letter_spacing=&#8221;0&#8243; button_two_use_icon=&#8221;default&#8221; button_two_icon_placement=&#8221;right&#8221; button_two_on_hover=&#8221;on&#8221; button_two_letter_spacing_hover=&#8221;0&#8243; scroll_down_icon=&#8221;%%9%%&#8221; background_url=&#8221;http:\/\/www.gkl-rijeka.hr\/wp-content\/uploads\/2018\/10\/Peter-Kuster.jpg&#8221; title_font=&#8221;Poiret One||||&#8221; title_font_color=&#8221;#e0cda3&#8243; title_font_size=&#8221;80&#8243; subhead_font=&#8221;Poiret One||||&#8221; subhead_font_color=&#8221;#e0cda3&#8243; subhead_font_size=&#8221;36px&#8221; scroll_down_icon_color=&#8221;#e0cda3&#8243; subhead=&#8221;Bizarna opereta, The [&hellip;]<\/p>\n","protected":false},"author":8,"featured_media":6000,"comment_status":"closed","ping_status":"closed","sticky":false,"template":"","format":"standard","meta":{"spay_email":""},"categories":[30,48,47],"tags":[],"jetpack_featured_media_url":"https:\/\/www.gkl-rijeka.hr\/wp-content\/uploads\/2018\/10\/Peter-Kuster.jpg?wsr","yoast_head":"<!-- This site is optimized with the Yoast SEO plugin v15.1.1 - https:\/\/yoast.com\/wordpress\/plugins\/seo\/ -->\n<meta name=\"robots\" content=\"index, follow, max-snippet:-1, max-image-preview:large, max-video-preview:-1\" \/>\n<link rel=\"canonical\" href=\"https:\/\/www.gkl-rijeka.hr\/index.php\/petar-kustravi\/\" \/>\n<meta property=\"og:locale\" content=\"en_US\" \/>\n<meta property=\"og:type\" content=\"article\" \/>\n<meta property=\"og:title\" content=\"Petar Ku\u0161travi - Gradsko kazali\u0161te lutaka Rijeka\" \/>\n<meta property=\"og:description\" content=\"[et_pb_section admin_label=&#8221;section&#8221; fullwidth=&#8221;on&#8221; specialty=&#8221;off&#8221; background_color=&#8221;#2ea3f2&#8243; inner_shadow=&#8221;off&#8221; parallax=&#8221;off&#8221; transparent_background=&#8221;on&#8221; allow_player_pause=&#8221;off&#8221; parallax_method=&#8221;off&#8221; padding_mobile=&#8221;off&#8221; module_id=&#8221;revijaPredstavaGore&#8221; make_fullwidth=&#8221;off&#8221; use_custom_width=&#8221;off&#8221; width_unit=&#8221;on&#8221; make_equal=&#8221;off&#8221; use_custom_gutter=&#8221;off&#8221;][et_pb_fullwidth_header admin_label=&#8221;Fullwidth Header&#8221; title=&#8221;Petar Ku\u0161travi&#8221; background_layout=&#8221;dark&#8221; text_orientation=&#8221;left&#8221; header_fullscreen=&#8221;on&#8221; header_scroll_down=&#8221;on&#8221; parallax=&#8221;on&#8221; parallax_method=&#8221;off&#8221; content_orientation=&#8221;center&#8221; image_orientation=&#8221;center&#8221; custom_button_one=&#8221;off&#8221; button_one_letter_spacing=&#8221;0&#8243; button_one_use_icon=&#8221;default&#8221; button_one_icon_placement=&#8221;right&#8221; button_one_on_hover=&#8221;on&#8221; button_one_letter_spacing_hover=&#8221;0&#8243; custom_button_two=&#8221;off&#8221; button_two_letter_spacing=&#8221;0&#8243; button_two_use_icon=&#8221;default&#8221; button_two_icon_placement=&#8221;right&#8221; button_two_on_hover=&#8221;on&#8221; button_two_letter_spacing_hover=&#8221;0&#8243; scroll_down_icon=&#8221;&#8221; background_url=&#8221;http:\/\/www.gkl-rijeka.hr\/wp-content\/uploads\/2018\/10\/Peter-Kuster.jpg&#8221; title_font=&#8221;Poiret One||||&#8221; title_font_color=&#8221;#e0cda3&#8243; title_font_size=&#8221;80&#8243; subhead_font=&#8221;Poiret One||||&#8221; subhead_font_color=&#8221;#e0cda3&#8243; subhead_font_size=&#8221;36px&#8221; scroll_down_icon_color=&#8221;#e0cda3&#8243; subhead=&#8221;Bizarna opereta, The [&hellip;]\" \/>\n<meta property=\"og:url\" content=\"https:\/\/www.gkl-rijeka.hr\/index.php\/petar-kustravi\/\" \/>\n<meta property=\"og:site_name\" content=\"Gradsko kazali\u0161te lutaka Rijeka\" \/>\n<meta property=\"article:publisher\" content=\"https:\/\/www.facebook.com\/gkl.rijeka\" \/>\n<meta property=\"article:published_time\" content=\"2018-10-08T10:11:12+00:00\" \/>\n<meta property=\"article:modified_time\" content=\"2018-10-16T21:28:13+00:00\" \/>\n<meta property=\"og:image\" content=\"https:\/\/www.gkl-rijeka.hr\/wp-content\/uploads\/2018\/10\/Peter-Kuster.jpg?wsr\" \/>\n\t<meta property=\"og:image:width\" content=\"1080\" \/>\n\t<meta property=\"og:image:height\" content=\"720\" \/>\n<meta property=\"fb:app_id\" content=\"368762594246882\" \/>\n<meta name=\"twitter:card\" content=\"summary\" \/>\n<script type=\"application\/ld+json\" class=\"yoast-schema-graph\">{\"@context\":\"https:\/\/schema.org\",\"@graph\":[{\"@type\":\"Organization\",\"@id\":\"https:\/\/www.gkl-rijeka.hr\/#organization\",\"name\":\"Gradsko kazali\\u0161te lutaka Rijeka\",\"url\":\"https:\/\/www.gkl-rijeka.hr\/\",\"sameAs\":[\"https:\/\/www.facebook.com\/gkl.rijeka\"],\"logo\":{\"@type\":\"ImageObject\",\"@id\":\"https:\/\/www.gkl-rijeka.hr\/#logo\",\"inLanguage\":\"en-US\",\"url\":\"https:\/\/www.gkl-rijeka.hr\/wp-content\/uploads\/2020\/10\/logo_boja_01.png?wsr\",\"width\":209,\"height\":280,\"caption\":\"Gradsko kazali\\u0161te lutaka Rijeka\"},\"image\":{\"@id\":\"https:\/\/www.gkl-rijeka.hr\/#logo\"}},{\"@type\":\"WebSite\",\"@id\":\"https:\/\/www.gkl-rijeka.hr\/#website\",\"url\":\"https:\/\/www.gkl-rijeka.hr\/\",\"name\":\"Gradsko kazali\\u0161te lutaka Rijeka\",\"description\":\"\",\"publisher\":{\"@id\":\"https:\/\/www.gkl-rijeka.hr\/#organization\"},\"potentialAction\":[{\"@type\":\"SearchAction\",\"target\":\"https:\/\/www.gkl-rijeka.hr\/?s={search_term_string}\",\"query-input\":\"required name=search_term_string\"}],\"inLanguage\":\"en-US\"},{\"@type\":\"ImageObject\",\"@id\":\"https:\/\/www.gkl-rijeka.hr\/index.php\/petar-kustravi\/#primaryimage\",\"inLanguage\":\"en-US\",\"url\":\"https:\/\/www.gkl-rijeka.hr\/wp-content\/uploads\/2018\/10\/Peter-Kuster.jpg?wsr\",\"width\":1080,\"height\":720},{\"@type\":\"WebPage\",\"@id\":\"https:\/\/www.gkl-rijeka.hr\/index.php\/petar-kustravi\/#webpage\",\"url\":\"https:\/\/www.gkl-rijeka.hr\/index.php\/petar-kustravi\/\",\"name\":\"Petar Ku\\u0161travi - Gradsko kazali\\u0161te lutaka Rijeka\",\"isPartOf\":{\"@id\":\"https:\/\/www.gkl-rijeka.hr\/#website\"},\"primaryImageOfPage\":{\"@id\":\"https:\/\/www.gkl-rijeka.hr\/index.php\/petar-kustravi\/#primaryimage\"},\"datePublished\":\"2018-10-08T10:11:12+00:00\",\"dateModified\":\"2018-10-16T21:28:13+00:00\",\"inLanguage\":\"en-US\",\"potentialAction\":[{\"@type\":\"ReadAction\",\"target\":[\"https:\/\/www.gkl-rijeka.hr\/index.php\/petar-kustravi\/\"]}]},{\"@type\":\"Article\",\"@id\":\"https:\/\/www.gkl-rijeka.hr\/index.php\/petar-kustravi\/#article\",\"isPartOf\":{\"@id\":\"https:\/\/www.gkl-rijeka.hr\/index.php\/petar-kustravi\/#webpage\"},\"author\":{\"@id\":\"https:\/\/www.gkl-rijeka.hr\/#\/schema\/person\/186698bfaa4c667c3a768aaef2317694\"},\"headline\":\"Petar Ku\\u0161travi\",\"datePublished\":\"2018-10-08T10:11:12+00:00\",\"dateModified\":\"2018-10-16T21:28:13+00:00\",\"mainEntityOfPage\":{\"@id\":\"https:\/\/www.gkl-rijeka.hr\/index.php\/petar-kustravi\/#webpage\"},\"publisher\":{\"@id\":\"https:\/\/www.gkl-rijeka.hr\/#organization\"},\"image\":{\"@id\":\"https:\/\/www.gkl-rijeka.hr\/index.php\/petar-kustravi\/#primaryimage\"},\"articleSection\":\"Revija,Revija 23 - Predstave,Revija23\",\"inLanguage\":\"en-US\"},{\"@type\":\"Person\",\"@id\":\"https:\/\/www.gkl-rijeka.hr\/#\/schema\/person\/186698bfaa4c667c3a768aaef2317694\",\"name\":\"Gogi\",\"image\":{\"@type\":\"ImageObject\",\"@id\":\"https:\/\/www.gkl-rijeka.hr\/#personlogo\",\"inLanguage\":\"en-US\",\"url\":\"https:\/\/secure.gravatar.com\/avatar\/e209d5a2c2d41089fcf345e0ee8599b6?s=96&d=mm&r=g\",\"caption\":\"Gogi\"}}]}<\/script>\n<!-- \/ Yoast SEO plugin. -->","_links":{"self":[{"href":"https:\/\/www.gkl-rijeka.hr\/index.php\/wp-json\/wp\/v2\/posts\/6030"}],"collection":[{"href":"https:\/\/www.gkl-rijeka.hr\/index.php\/wp-json\/wp\/v2\/posts"}],"about":[{"href":"https:\/\/www.gkl-rijeka.hr\/index.php\/wp-json\/wp\/v2\/types\/post"}],"author":[{"embeddable":true,"href":"https:\/\/www.gkl-rijeka.hr\/index.php\/wp-json\/wp\/v2\/users\/8"}],"replies":[{"embeddable":true,"href":"https:\/\/www.gkl-rijeka.hr\/index.php\/wp-json\/wp\/v2\/comments?post=6030"}],"version-history":[{"count":7,"href":"https:\/\/www.gkl-rijeka.hr\/index.php\/wp-json\/wp\/v2\/posts\/6030\/revisions"}],"predecessor-version":[{"id":6246,"href":"https:\/\/www.gkl-rijeka.hr\/index.php\/wp-json\/wp\/v2\/posts\/6030\/revisions\/6246"}],"wp:featuredmedia":[{"embeddable":true,"href":"https:\/\/www.gkl-rijeka.hr\/index.php\/wp-json\/wp\/v2\/media\/6000"}],"wp:attachment":[{"href":"https:\/\/www.gkl-rijeka.hr\/index.php\/wp-json\/wp\/v2\/media?parent=6030"}],"wp:term":[{"taxonomy":"category","embeddable":true,"href":"https:\/\/www.gkl-rijeka.hr\/index.php\/wp-json\/wp\/v2\/categories?post=6030"},{"taxonomy":"post_tag","embeddable":true,"href":"https:\/\/www.gkl-rijeka.hr\/index.php\/wp-json\/wp\/v2\/tags?post=6030"}],"curies":[{"name":"wp","href":"https:\/\/api.w.org\/{rel}","templated":true}]}}