{"id":608,"date":"2011-06-01T16:04:15","date_gmt":"2011-06-01T15:04:15","guid":{"rendered":"http:\/\/www.gkl-rijeka.hr\/wordpress\/?p=608"},"modified":"2011-06-01T16:04:15","modified_gmt":"2011-06-01T15:04:15","slug":"gkl-rijeka-na-23-sluk-u-u-zadru","status":"publish","type":"post","link":"https:\/\/www.gkl-rijeka.hr\/index.php\/gkl-rijeka-na-23-sluk-u-u-zadru\/","title":{"rendered":"GKL RIJEKA NA 23. SLUK-U U ZADRU"},"content":{"rendered":"<p>23. SLUK (Susret lutkarskih kazali\u0161ta Hrvatske), odr\u017eava se ove godine u Zadru. GKL Rijeka konkurira za presti\u017ene nagrade sa svojom predstavom &#8220;Gulliver u zemlji malih ljudi&#8221; autora i redatelja Sa\u0161e Ano\u010di\u0107a. Kazali\u0161te \u0107e se zadarskoj publici predstaviti i sa svojom reprezenativnom izlo\u017ebom &#8220;Gdje lutke (ne) spavaju&#8221; originalno postavljenom povodom obilje\u017eavanja 50 godina od slu\u017ebenog utemeljenja Kazali\u0161ta u Malom salonu. Izlo\u017eba je postavljena u zadarskoj Gradskoj lo\u017ei, a bit \u0107e otvorena 1. lipnja u okviru otvaranja Festivala.<\/p>\n","protected":false},"excerpt":{"rendered":"<p>23. SLUK (Susret lutkarskih kazali\u0161ta Hrvatske), odr\u017eava se ove godine u Zadru. GKL Rijeka konkurira za presti\u017ene nagrade sa svojom predstavom &#8220;Gulliver u zemlji malih ljudi&#8221; autora i redatelja Sa\u0161e Ano\u010di\u0107a. Kazali\u0161te \u0107e se zadarskoj publici predstaviti i sa svojom reprezenativnom izlo\u017ebom &#8220;Gdje lutke (ne) spavaju&#8221; originalno postavljenom povodom obilje\u017eavanja 50 godina od slu\u017ebenog utemeljenja [&hellip;]<\/p>\n","protected":false},"author":3,"featured_media":0,"comment_status":"closed","ping_status":"closed","sticky":false,"template":"","format":"standard","meta":{"spay_email":""},"categories":[1],"tags":[],"jetpack_featured_media_url":"","yoast_head":"<!-- This site is optimized with the Yoast SEO plugin v15.1.1 - https:\/\/yoast.com\/wordpress\/plugins\/seo\/ -->\n<meta name=\"robots\" content=\"index, follow, max-snippet:-1, max-image-preview:large, max-video-preview:-1\" \/>\n<link rel=\"canonical\" href=\"https:\/\/www.gkl-rijeka.hr\/index.php\/gkl-rijeka-na-23-sluk-u-u-zadru\/\" \/>\n<meta property=\"og:locale\" content=\"en_US\" \/>\n<meta property=\"og:type\" content=\"article\" \/>\n<meta property=\"og:title\" content=\"GKL RIJEKA NA 23. SLUK-U U ZADRU - Gradsko kazali\u0161te lutaka Rijeka\" \/>\n<meta property=\"og:description\" content=\"23. SLUK (Susret lutkarskih kazali\u0161ta Hrvatske), odr\u017eava se ove godine u Zadru. GKL Rijeka konkurira za presti\u017ene nagrade sa svojom predstavom &#8220;Gulliver u zemlji malih ljudi&#8221; autora i redatelja Sa\u0161e Ano\u010di\u0107a. Kazali\u0161te \u0107e se zadarskoj publici predstaviti i sa svojom reprezenativnom izlo\u017ebom &#8220;Gdje lutke (ne) spavaju&#8221; originalno postavljenom povodom obilje\u017eavanja 50 godina od slu\u017ebenog utemeljenja [&hellip;]\" \/>\n<meta property=\"og:url\" content=\"https:\/\/www.gkl-rijeka.hr\/index.php\/gkl-rijeka-na-23-sluk-u-u-zadru\/\" \/>\n<meta property=\"og:site_name\" content=\"Gradsko kazali\u0161te lutaka Rijeka\" \/>\n<meta property=\"article:publisher\" content=\"https:\/\/www.facebook.com\/gkl.rijeka\" \/>\n<meta property=\"article:published_time\" content=\"2011-06-01T15:04:15+00:00\" \/>\n<meta property=\"og:image\" content=\"https:\/\/www.gkl-rijeka.hr\/wp-content\/uploads\/2020\/10\/promocije.jpg?wsr\" \/>\n\t<meta property=\"og:image:width\" content=\"1920\" \/>\n\t<meta property=\"og:image:height\" content=\"1059\" \/>\n<meta property=\"fb:app_id\" content=\"368762594246882\" \/>\n<meta name=\"twitter:card\" content=\"summary\" \/>\n<script type=\"application\/ld+json\" class=\"yoast-schema-graph\">{\"@context\":\"https:\/\/schema.org\",\"@graph\":[{\"@type\":\"Organization\",\"@id\":\"https:\/\/www.gkl-rijeka.hr\/#organization\",\"name\":\"Gradsko kazali\\u0161te lutaka Rijeka\",\"url\":\"https:\/\/www.gkl-rijeka.hr\/\",\"sameAs\":[\"https:\/\/www.facebook.com\/gkl.rijeka\"],\"logo\":{\"@type\":\"ImageObject\",\"@id\":\"https:\/\/www.gkl-rijeka.hr\/#logo\",\"inLanguage\":\"en-US\",\"url\":\"https:\/\/www.gkl-rijeka.hr\/wp-content\/uploads\/2020\/10\/logo_boja_01.png?wsr\",\"width\":209,\"height\":280,\"caption\":\"Gradsko kazali\\u0161te lutaka Rijeka\"},\"image\":{\"@id\":\"https:\/\/www.gkl-rijeka.hr\/#logo\"}},{\"@type\":\"WebSite\",\"@id\":\"https:\/\/www.gkl-rijeka.hr\/#website\",\"url\":\"https:\/\/www.gkl-rijeka.hr\/\",\"name\":\"Gradsko kazali\\u0161te lutaka Rijeka\",\"description\":\"\",\"publisher\":{\"@id\":\"https:\/\/www.gkl-rijeka.hr\/#organization\"},\"potentialAction\":[{\"@type\":\"SearchAction\",\"target\":\"https:\/\/www.gkl-rijeka.hr\/?s={search_term_string}\",\"query-input\":\"required name=search_term_string\"}],\"inLanguage\":\"en-US\"},{\"@type\":\"WebPage\",\"@id\":\"https:\/\/www.gkl-rijeka.hr\/index.php\/gkl-rijeka-na-23-sluk-u-u-zadru\/#webpage\",\"url\":\"https:\/\/www.gkl-rijeka.hr\/index.php\/gkl-rijeka-na-23-sluk-u-u-zadru\/\",\"name\":\"GKL RIJEKA NA 23. SLUK-U U ZADRU - Gradsko kazali\\u0161te lutaka Rijeka\",\"isPartOf\":{\"@id\":\"https:\/\/www.gkl-rijeka.hr\/#website\"},\"datePublished\":\"2011-06-01T15:04:15+00:00\",\"dateModified\":\"2011-06-01T15:04:15+00:00\",\"inLanguage\":\"en-US\",\"potentialAction\":[{\"@type\":\"ReadAction\",\"target\":[\"https:\/\/www.gkl-rijeka.hr\/index.php\/gkl-rijeka-na-23-sluk-u-u-zadru\/\"]}]},{\"@type\":\"Article\",\"@id\":\"https:\/\/www.gkl-rijeka.hr\/index.php\/gkl-rijeka-na-23-sluk-u-u-zadru\/#article\",\"isPartOf\":{\"@id\":\"https:\/\/www.gkl-rijeka.hr\/index.php\/gkl-rijeka-na-23-sluk-u-u-zadru\/#webpage\"},\"author\":{\"@id\":\"https:\/\/www.gkl-rijeka.hr\/#\/schema\/person\/902062ab3ebb7c87a532ea1895b83da2\"},\"headline\":\"GKL RIJEKA NA 23. SLUK-U U ZADRU\",\"datePublished\":\"2011-06-01T15:04:15+00:00\",\"dateModified\":\"2011-06-01T15:04:15+00:00\",\"mainEntityOfPage\":{\"@id\":\"https:\/\/www.gkl-rijeka.hr\/index.php\/gkl-rijeka-na-23-sluk-u-u-zadru\/#webpage\"},\"publisher\":{\"@id\":\"https:\/\/www.gkl-rijeka.hr\/#organization\"},\"inLanguage\":\"en-US\"},{\"@type\":\"Person\",\"@id\":\"https:\/\/www.gkl-rijeka.hr\/#\/schema\/person\/902062ab3ebb7c87a532ea1895b83da2\",\"name\":\"Vedrana\",\"image\":{\"@type\":\"ImageObject\",\"@id\":\"https:\/\/www.gkl-rijeka.hr\/#personlogo\",\"inLanguage\":\"en-US\",\"url\":\"https:\/\/secure.gravatar.com\/avatar\/2661cd1c63328b25d3019be485f4794a?s=96&d=mm&r=g\",\"caption\":\"Vedrana\"}}]}<\/script>\n<!-- \/ Yoast SEO plugin. -->","_links":{"self":[{"href":"https:\/\/www.gkl-rijeka.hr\/index.php\/wp-json\/wp\/v2\/posts\/608"}],"collection":[{"href":"https:\/\/www.gkl-rijeka.hr\/index.php\/wp-json\/wp\/v2\/posts"}],"about":[{"href":"https:\/\/www.gkl-rijeka.hr\/index.php\/wp-json\/wp\/v2\/types\/post"}],"author":[{"embeddable":true,"href":"https:\/\/www.gkl-rijeka.hr\/index.php\/wp-json\/wp\/v2\/users\/3"}],"replies":[{"embeddable":true,"href":"https:\/\/www.gkl-rijeka.hr\/index.php\/wp-json\/wp\/v2\/comments?post=608"}],"version-history":[{"count":0,"href":"https:\/\/www.gkl-rijeka.hr\/index.php\/wp-json\/wp\/v2\/posts\/608\/revisions"}],"wp:attachment":[{"href":"https:\/\/www.gkl-rijeka.hr\/index.php\/wp-json\/wp\/v2\/media?parent=608"}],"wp:term":[{"taxonomy":"category","embeddable":true,"href":"https:\/\/www.gkl-rijeka.hr\/index.php\/wp-json\/wp\/v2\/categories?post=608"},{"taxonomy":"post_tag","embeddable":true,"href":"https:\/\/www.gkl-rijeka.hr\/index.php\/wp-json\/wp\/v2\/tags?post=608"}],"curies":[{"name":"wp","href":"https:\/\/api.w.org\/{rel}","templated":true}]}}